{"id":7940,"date":"2022-03-18T13:31:10","date_gmt":"2022-03-18T12:31:10","guid":{"rendered":"https:\/\/chosowa.pl\/?p=7940"},"modified":"2022-03-21T10:58:27","modified_gmt":"2022-03-21T09:58:27","slug":"moda-na-stylowa-wiosne","status":"publish","type":"post","link":"https:\/\/chosowa.pl\/ru\/wydarzenia\/moda-na-stylowa-wiosne\/","title":{"rendered":"Moda na stylow\u0105 wiosn\u0119"},"content":{"rendered":"<p>Powiew \u015bwie\u017co\u015bci<\/p>\n<p>Nadej\u015bcie wiosny to dobry moment na zmian\u0119 garderoby i od\u015bwie\u017cenie swojej szafy. Przyszed\u0142 wreszcie czas na wiosenne stylizacje, a co za tym idzie, poszukiwania modowych inspiracji. Nadchodz\u0105ce wielkimi krokami ciep\u0142e miesi\u0105ce, pe\u0142ne b\u0119d\u0105 zwiewno\u015bci, lekko\u015bci i oryginalnych kolor\u00f3w, za kt\u00f3rymi podczas d\u0142ugiej i mro\u017anej zimy, wszyscy zd\u0105\u017cyli si\u0119 ju\u017c z t\u0119skni\u0107.<\/p>\n<p>Dla kobiet<\/p>\n<p>Kwieciste sukienki, pastelowe kurtki oraz p\u0142aszcze i pstrokate dodatki. Nie b\u00f3jcie si\u0119 odwa\u017cnych stylizacji, kt\u00f3re sprawi\u0105 Wam przyjemno\u015b\u0107 i pozwol\u0105 wyr\u00f3\u017cni\u0107 si\u0119 w t\u0142umie. Wszystkie Panie, kt\u00f3re ceni\u0105 sobie swobodny look oraz wygod\u0119 powinny postawi\u0107 na kultowe ju\u017c spodnie z szerokimi nogawkami, po\u0142\u0105czone z kolorowymi kicksami lub tradycyjnymi trampkami. Taka stylizacja doskonale sprawdzi si\u0119 nie tylko podczas popo\u0142udniowego spotkania z przyjaci\u00f3\u0142mi, ale r\u00f3wnie\u017c w pracy czy na uczelni. Najnowsze kolekcje znajdziecie m.in. w sklepach MONNARI, SZACHOWNICA, H&amp;M I LEE WRANGLER.<\/p>\n<p>Dla m\u0119\u017cczyzn<\/p>\n<p>Grube i ciep\u0142e p\u0142aszcze mo\u017cecie ju\u017c schowa\u0107 do szafy. Wiosenne s\u0142o\u0144ce przywitajcie natomiast w stylowej bomberce lub przej\u015bciowym p\u0142aszczu w klasycznym kolorze ze sklepu BYTOM. Doskona\u0142ym prze\u0142amaniem takiej stylizacji mog\u0105 okaza\u0107 si\u0119 koszule w delikatn\u0105 krat\u0119 lub T-shirty z filmowymi lub serialowymi motywami, kt\u00f3rych szukajcie w CARRY i H&amp;M. W Waszej szafie nie powinno te\u017c zabrakn\u0105\u0107 jogger\u00f3w, kt\u00f3re idealnie sprawdz\u0105 si\u0119 w po\u0142\u0105czeniu z wysokimi sportowymi butami. Wiosna to najbardziej kolorowa pora roku! Poka\u017ccie to r\u00f3wnie\u017c w swoich stylizacjach.<\/p>\n<p>Dla wszystkich<\/p>\n<p>Wiosna sprzyja r\u00f3wnie\u017c metamorfozom w Waszych domach, mieszkaniach i na tarasach. Jasne i zwiewne zas\u0142ony, zielone ro\u015bliny doniczkowe, poduszki oraz narzuty z wiosennymi motywami sprawi\u0105, \u017ce Wasze wn\u0119trza b\u0119d\u0105 naprawd\u0119 przytulne. Wystarczy kilka drobnych zmian, by Wasze ulubione miejsce nabra\u0142o nowego \u017cycia. Najciekawszych dekoracyjnych inspiracji szukajcie w JYSK i PEPCO.<\/p>\n","protected":false},"excerpt":{"rendered":"<p>Powiew \u015bwie\u017co\u015bci Nadej\u015bcie wiosny to dobry moment na zmian\u0119 garderoby i od\u015bwie\u017cenie swojej szafy. Przyszed\u0142 wreszcie czas na wiosenne stylizacje, a co za tym idzie, poszukiwania modowych inspiracji. Nadchodz\u0105ce wielkimi [&hellip;]<\/p>\n","protected":false},"author":1,"featured_media":0,"comment_status":"closed","ping_status":"closed","sticky":false,"template":"","format":"standard","meta":{"_acf_changed":false,"footnotes":""},"categories":[15],"tags":[],"class_list":["post-7940","post","type-post","status-publish","format-standard","hentry","category-wydarzenia"],"acf":[],"yoast_head":"<!-- This site is optimized with the Yoast SEO plugin v23.6 - https:\/\/yoast.com\/wordpress\/plugins\/seo\/ -->\n<title>Moda na stylow\u0105 wiosn\u0119 - Osowa<\/title>\n<meta name=\"robots\" content=\"index, follow, max-snippet:-1, max-image-preview:large, max-video-preview:-1\" \/>\n<link rel=\"canonical\" href=\"https:\/\/chosowa.pl\/wydarzenia\/moda-na-stylowa-wiosne\/\" \/>\n<meta property=\"og:locale\" content=\"ru_RU\" \/>\n<meta property=\"og:type\" content=\"article\" \/>\n<meta property=\"og:title\" content=\"Moda na stylow\u0105 wiosn\u0119 - Osowa\" \/>\n<meta property=\"og:description\" content=\"Powiew \u015bwie\u017co\u015bci Nadej\u015bcie wiosny to dobry moment na zmian\u0119 garderoby i od\u015bwie\u017cenie swojej szafy. Przyszed\u0142 wreszcie czas na wiosenne stylizacje, a co za tym idzie, poszukiwania modowych inspiracji. Nadchodz\u0105ce wielkimi [&hellip;]\" \/>\n<meta property=\"og:url\" content=\"https:\/\/chosowa.pl\/wydarzenia\/moda-na-stylowa-wiosne\/\" \/>\n<meta property=\"og:site_name\" content=\"Osowa\" \/>\n<meta property=\"article:publisher\" content=\"https:\/\/www.facebook.com\/CHOsowa\" \/>\n<meta property=\"article:published_time\" content=\"2022-03-18T12:31:10+00:00\" \/>\n<meta property=\"article:modified_time\" content=\"2022-03-21T09:58:27+00:00\" \/>\n<meta property=\"og:image\" content=\"https:\/\/chosowa.pl\/wp-content\/uploads\/2019\/10\/open_graph_chosowa.jpg\" \/>\n\t<meta property=\"og:image:width\" content=\"1200\" \/>\n\t<meta property=\"og:image:height\" content=\"630\" \/>\n\t<meta property=\"og:image:type\" content=\"image\/jpeg\" \/>\n<meta name=\"author\" content=\"aadmin\" \/>\n<meta name=\"twitter:card\" content=\"summary_large_image\" \/>\n<meta name=\"twitter:label1\" content=\"\u041d\u0430\u043f\u0438\u0441\u0430\u043d\u043e \u0430\u0432\u0442\u043e\u0440\u043e\u043c\" \/>\n\t<meta name=\"twitter:data1\" content=\"aadmin\" \/>\n\t<meta name=\"twitter:label2\" content=\"\u041f\u0440\u0438\u043c\u0435\u0440\u043d\u043e\u0435 \u0432\u0440\u0435\u043c\u044f \u0434\u043b\u044f \u0447\u0442\u0435\u043d\u0438\u044f\" \/>\n\t<meta name=\"twitter:data2\" content=\"2 \u043c\u0438\u043d\u0443\u0442\u044b\" \/>\n<script type=\"application\/ld+json\" class=\"yoast-schema-graph\">{\"@context\":\"https:\/\/schema.org\",\"@graph\":[{\"@type\":\"WebPage\",\"@id\":\"https:\/\/chosowa.pl\/wydarzenia\/moda-na-stylowa-wiosne\/\",\"url\":\"https:\/\/chosowa.pl\/wydarzenia\/moda-na-stylowa-wiosne\/\",\"name\":\"Moda na stylow\u0105 wiosn\u0119 - Osowa\",\"isPartOf\":{\"@id\":\"https:\/\/chosowa.pl\/ru\/#website\"},\"datePublished\":\"2022-03-18T12:31:10+00:00\",\"dateModified\":\"2022-03-21T09:58:27+00:00\",\"author\":{\"@id\":\"https:\/\/chosowa.pl\/ru\/#\/schema\/person\/15445b51bd45e4d72c2794a45adeb220\"},\"breadcrumb\":{\"@id\":\"https:\/\/chosowa.pl\/wydarzenia\/moda-na-stylowa-wiosne\/#breadcrumb\"},\"inLanguage\":\"ru-RU\",\"potentialAction\":[{\"@type\":\"ReadAction\",\"target\":[\"https:\/\/chosowa.pl\/wydarzenia\/moda-na-stylowa-wiosne\/\"]}]},{\"@type\":\"BreadcrumbList\",\"@id\":\"https:\/\/chosowa.pl\/wydarzenia\/moda-na-stylowa-wiosne\/#breadcrumb\",\"itemListElement\":[{\"@type\":\"ListItem\",\"position\":1,\"name\":\"\u0434\u043e\u043c\u0430\",\"item\":\"https:\/\/chosowa.pl\/ru\/\"},{\"@type\":\"ListItem\",\"position\":2,\"name\":\"Wydarzenia\",\"item\":\"https:\/\/chosowa.pl\/.\/wydarzenia\/\"},{\"@type\":\"ListItem\",\"position\":3,\"name\":\"Moda na&nbsp;stylow\u0105 wiosn\u0119\"}]},{\"@type\":\"WebSite\",\"@id\":\"https:\/\/chosowa.pl\/ru\/#website\",\"url\":\"https:\/\/chosowa.pl\/ru\/\",\"name\":\"Osowa\",\"description\":\"Centrum Handlowe Osowa\",\"potentialAction\":[{\"@type\":\"SearchAction\",\"target\":{\"@type\":\"EntryPoint\",\"urlTemplate\":\"https:\/\/chosowa.pl\/ru\/?s={search_term_string}\"},\"query-input\":{\"@type\":\"PropertyValueSpecification\",\"valueRequired\":true,\"valueName\":\"search_term_string\"}}],\"inLanguage\":\"ru-RU\"},{\"@type\":\"Person\",\"@id\":\"https:\/\/chosowa.pl\/ru\/#\/schema\/person\/15445b51bd45e4d72c2794a45adeb220\",\"name\":\"aadmin\"}]}<\/script>\n<!-- \/ Yoast SEO plugin. -->","yoast_head_json":{"title":"Moda na stylow\u0105 wiosn\u0119 - Osowa","robots":{"index":"index","follow":"follow","max-snippet":"max-snippet:-1","max-image-preview":"max-image-preview:large","max-video-preview":"max-video-preview:-1"},"canonical":"https:\/\/chosowa.pl\/wydarzenia\/moda-na-stylowa-wiosne\/","og_locale":"ru_RU","og_type":"article","og_title":"Moda na stylow\u0105 wiosn\u0119 - Osowa","og_description":"Powiew \u015bwie\u017co\u015bci Nadej\u015bcie wiosny to dobry moment na zmian\u0119 garderoby i od\u015bwie\u017cenie swojej szafy. Przyszed\u0142 wreszcie czas na wiosenne stylizacje, a co za tym idzie, poszukiwania modowych inspiracji. Nadchodz\u0105ce wielkimi [&hellip;]","og_url":"https:\/\/chosowa.pl\/wydarzenia\/moda-na-stylowa-wiosne\/","og_site_name":"Osowa","article_publisher":"https:\/\/www.facebook.com\/CHOsowa","article_published_time":"2022-03-18T12:31:10+00:00","article_modified_time":"2022-03-21T09:58:27+00:00","og_image":[{"width":1200,"height":630,"url":"https:\/\/chosowa.pl\/wp-content\/uploads\/2019\/10\/open_graph_chosowa.jpg","type":"image\/jpeg"}],"author":"aadmin","twitter_card":"summary_large_image","twitter_misc":{"\u041d\u0430\u043f\u0438\u0441\u0430\u043d\u043e \u0430\u0432\u0442\u043e\u0440\u043e\u043c":"aadmin","\u041f\u0440\u0438\u043c\u0435\u0440\u043d\u043e\u0435 \u0432\u0440\u0435\u043c\u044f \u0434\u043b\u044f \u0447\u0442\u0435\u043d\u0438\u044f":"2 \u043c\u0438\u043d\u0443\u0442\u044b"},"schema":{"@context":"https:\/\/schema.org","@graph":[{"@type":"WebPage","@id":"https:\/\/chosowa.pl\/wydarzenia\/moda-na-stylowa-wiosne\/","url":"https:\/\/chosowa.pl\/wydarzenia\/moda-na-stylowa-wiosne\/","name":"Moda na stylow\u0105 wiosn\u0119 - Osowa","isPartOf":{"@id":"https:\/\/chosowa.pl\/ru\/#website"},"datePublished":"2022-03-18T12:31:10+00:00","dateModified":"2022-03-21T09:58:27+00:00","author":{"@id":"https:\/\/chosowa.pl\/ru\/#\/schema\/person\/15445b51bd45e4d72c2794a45adeb220"},"breadcrumb":{"@id":"https:\/\/chosowa.pl\/wydarzenia\/moda-na-stylowa-wiosne\/#breadcrumb"},"inLanguage":"ru-RU","potentialAction":[{"@type":"ReadAction","target":["https:\/\/chosowa.pl\/wydarzenia\/moda-na-stylowa-wiosne\/"]}]},{"@type":"BreadcrumbList","@id":"https:\/\/chosowa.pl\/wydarzenia\/moda-na-stylowa-wiosne\/#breadcrumb","itemListElement":[{"@type":"ListItem","position":1,"name":"\u0434\u043e\u043c\u0430","item":"https:\/\/chosowa.pl\/ru\/"},{"@type":"ListItem","position":2,"name":"Wydarzenia","item":"https:\/\/chosowa.pl\/.\/wydarzenia\/"},{"@type":"ListItem","position":3,"name":"Moda na&nbsp;stylow\u0105 wiosn\u0119"}]},{"@type":"WebSite","@id":"https:\/\/chosowa.pl\/ru\/#website","url":"https:\/\/chosowa.pl\/ru\/","name":"Osowa","description":"Centrum Handlowe Osowa","potentialAction":[{"@type":"SearchAction","target":{"@type":"EntryPoint","urlTemplate":"https:\/\/chosowa.pl\/ru\/?s={search_term_string}"},"query-input":{"@type":"PropertyValueSpecification","valueRequired":true,"valueName":"search_term_string"}}],"inLanguage":"ru-RU"},{"@type":"Person","@id":"https:\/\/chosowa.pl\/ru\/#\/schema\/person\/15445b51bd45e4d72c2794a45adeb220","name":"aadmin"}]}},"_links":{"self":[{"href":"https:\/\/chosowa.pl\/ru\/wp-json\/wp\/v2\/posts\/7940"}],"collection":[{"href":"https:\/\/chosowa.pl\/ru\/wp-json\/wp\/v2\/posts"}],"about":[{"href":"https:\/\/chosowa.pl\/ru\/wp-json\/wp\/v2\/types\/post"}],"author":[{"embeddable":true,"href":"https:\/\/chosowa.pl\/ru\/wp-json\/wp\/v2\/users\/1"}],"replies":[{"embeddable":true,"href":"https:\/\/chosowa.pl\/ru\/wp-json\/wp\/v2\/comments?post=7940"}],"version-history":[{"count":0,"href":"https:\/\/chosowa.pl\/ru\/wp-json\/wp\/v2\/posts\/7940\/revisions"}],"wp:attachment":[{"href":"https:\/\/chosowa.pl\/ru\/wp-json\/wp\/v2\/media?parent=7940"}],"wp:term":[{"taxonomy":"category","embeddable":true,"href":"https:\/\/chosowa.pl\/ru\/wp-json\/wp\/v2\/categories?post=7940"},{"taxonomy":"post_tag","embeddable":true,"href":"https:\/\/chosowa.pl\/ru\/wp-json\/wp\/v2\/tags?post=7940"}],"curies":[{"name":"wp","href":"https:\/\/api.w.org\/{rel}","templated":true}]}}