{"id":7120,"date":"2021-10-29T13:57:28","date_gmt":"2021-10-29T11:57:28","guid":{"rendered":"https:\/\/chosowa.pl\/?p=7120"},"modified":"2021-10-29T13:57:28","modified_gmt":"2021-10-29T11:57:28","slug":"przygotuj-sie-na-najstraszniejsza-noc-w-roku","status":"publish","type":"post","link":"https:\/\/chosowa.pl\/ru\/wydarzenia\/przygotuj-sie-na-najstraszniejsza-noc-w-roku\/","title":{"rendered":"Przygotuj si\u0119 na najstraszniejsz\u0105 noc w roku!"},"content":{"rendered":"<p><strong>Ostatnie dni pa\u017adziernika \u2013 to dobry moment, by przygotowa\u0107 si\u0119 na Halloween, kt\u00f3re \u015bwi\u0119tujemy ju\u017c 31 pa\u017adziernika. Z tej okazji zapraszamy do naszego Centrum Handlowego Osowa po ogromn\u0105 dawk\u0119 inspiracji i gad\u017cety, dzi\u0119ki kt\u00f3rym zorganizujesz wyj\u0105tkow\u0105 imprez\u0119!<\/strong><\/p>\n<p>Historii zwi\u0105zanych z pocz\u0105tkami tego \u015bwi\u0119ta jest wiele. Jedna z nich g\u0142osi, \u017ce dawniej by\u0142y to celtyckie obrz\u0119dy \u017cegnania si\u0119 z latem i witania zimy. Jeszcze inne \u017ar\u00f3d\u0142a upartuj\u0105 si\u0119 pierwowzoru tego \u015bwi\u0119ta w czasach rzymskich, inne z kolei twierdz\u0105, \u017ce zwyczaj ten praktykowany by\u0142 w krajach anglosaskich. Jedno jest pewne \u2013 dzi\u015b Halloween obchodzi si\u0119 w wielu pa\u0144stwach na ca\u0142ym \u015bwiecie!<\/p>\n<p>Cho\u0107 w polskiej kulturze \u015bwi\u0119to to jeszcze nie jest tak popularne, coraz wi\u0119cej os\u00f3b korzysta z tej okazji, aby spotka\u0107 si\u0119 z bliskimi i sp\u0119dzi\u0107 mi\u0142o czas w przytulnej, jesiennej aurze. Wszelkie \u015bwieczki, lampki i dyniowe dekoracje mile widziane!<\/p>\n<p><strong>Udekoruj sw\u00f3j dom!<\/strong><\/p>\n<p>Zapraszamy do naszych sklep\u00f3w, w kt\u00f3rych znajdziecie ozdoby do domu. W Jysk i Pepco kupicie rozmaite dekoracje w jesiennym klimacie \u2013 od \u015bwieczek po drobne elementy, kt\u00f3re stworz\u0105 w mieszkaniu przytuln\u0105 atmosfer\u0119. Nie zabraknie te\u017c typowych halloweenowych ozd\u00f3b \u2013 masek, kostium\u00f3w i oryginalnych dodatk\u00f3w. Z kolei w klimatyczne \u015bwiate\u0142ka, kt\u00f3re dodadz\u0105 domu uroku, zaopatrzymy si\u0119 w RTV EURO AGD. Nie mo\u017cna te\u017c zapomnie\u0107 o dyniach, w kt\u00f3rych zgodnie z tradycj\u0105 wycina si\u0119 r\u00f3\u017cnorodne wzory. Po rozmaite okazy zapraszamy do hipermarketu Auchan, w kt\u00f3rych tak\u017ce dost\u0119pne s\u0105 hallowenowe gad\u017cety.<\/p>\n<p><strong>Cukierek albo psikus!<\/strong><\/p>\n<p>Halloween niezaprzeczalnie kojarzy nam si\u0119 z wizytami dzieci \u2013 najcz\u0119\u015bciej przebranych w fantazyjne stroje \u2013 kt\u00f3re przychodz\u0105 do nas, prosz\u0105c o s\u0142odycze. Zach\u0119camy do odwiedzenia Auchan, Cukierni Raszczyk i Cukierni Sowa, gdzie zaopatrzycie si\u0119 w cukierki, babeczki i ciastka.<\/p>\n<p><strong>Baw si\u0119 do rana<\/strong><\/p>\n<p>Je\u015bli z kolei postanowicie zorganizowa\u0107 imprez\u0119 lub po prostu mi\u0142o sp\u0119dzi\u0107 ten czas \u2013 nic trudnego! Zapraszamy do naszych drogerii \u2013\u00a0Rossmann i Hebe \u2013 w kt\u00f3rych skompletujecie kosmetyki do nawet najbardziej wymy\u015blnych makija\u017cy. Mo\u017cecie tak\u017ce odwiedzi\u0107 nasz salon fryzjerski Hair Studio w kt\u00f3rym uczeszecie si\u0119 w i\u015bcie imprezowym stylu.<\/p>\n<p>Tak przygotowani musicie ju\u017c tylko zatroszczy\u0107 si\u0119 o atrakcje na ten wiecz\u00f3r. Zajrzyjcie do \u015awiata Ksi\u0105\u017cki \u2013 znajdziecie tu gry towarzyskie, kt\u00f3re poch\u0142on\u0105 Was i Waszych go\u015bci do reszty oraz thrillery pe\u0142ne grozy. S\u0105 idealnym pomys\u0142em zar\u00f3wno jako upominek dla przyjaci\u00f3\u0142 na t\u0119 najstraszniejsz\u0105 noc w roku, jak i jako plan na sp\u0119dzenie czasu pod kocem, przy kubku gor\u0105cego kakako.<\/p>\n","protected":false},"excerpt":{"rendered":"<p>Ostatnie dni pa\u017adziernika \u2013 to dobry moment, by przygotowa\u0107 si\u0119 na Halloween, kt\u00f3re \u015bwi\u0119tujemy ju\u017c 31 pa\u017adziernika. Z tej okazji zapraszamy do naszego Centrum Handlowego Osowa po ogromn\u0105 dawk\u0119 inspiracji [&hellip;]<\/p>\n","protected":false},"author":1,"featured_media":0,"comment_status":"closed","ping_status":"closed","sticky":false,"template":"","format":"standard","meta":{"_acf_changed":false,"footnotes":""},"categories":[15],"tags":[],"class_list":["post-7120","post","type-post","status-publish","format-standard","hentry","category-wydarzenia"],"acf":[],"yoast_head":"<!-- This site is optimized with the Yoast SEO plugin v23.6 - https:\/\/yoast.com\/wordpress\/plugins\/seo\/ -->\n<title>Przygotuj si\u0119 na najstraszniejsz\u0105 noc w roku! - Osowa<\/title>\n<meta name=\"robots\" content=\"index, follow, max-snippet:-1, max-image-preview:large, max-video-preview:-1\" \/>\n<link rel=\"canonical\" href=\"https:\/\/chosowa.pl\/wydarzenia\/przygotuj-sie-na-najstraszniejsza-noc-w-roku\/\" \/>\n<meta property=\"og:locale\" content=\"ru_RU\" \/>\n<meta property=\"og:type\" content=\"article\" \/>\n<meta property=\"og:title\" content=\"Przygotuj si\u0119 na najstraszniejsz\u0105 noc w roku! - Osowa\" \/>\n<meta property=\"og:description\" content=\"Ostatnie dni pa\u017adziernika \u2013 to dobry moment, by przygotowa\u0107 si\u0119 na Halloween, kt\u00f3re \u015bwi\u0119tujemy ju\u017c 31 pa\u017adziernika. Z tej okazji zapraszamy do naszego Centrum Handlowego Osowa po ogromn\u0105 dawk\u0119 inspiracji [&hellip;]\" \/>\n<meta property=\"og:url\" content=\"https:\/\/chosowa.pl\/wydarzenia\/przygotuj-sie-na-najstraszniejsza-noc-w-roku\/\" \/>\n<meta property=\"og:site_name\" content=\"Osowa\" \/>\n<meta property=\"article:publisher\" content=\"https:\/\/www.facebook.com\/CHOsowa\" \/>\n<meta property=\"article:published_time\" content=\"2021-10-29T11:57:28+00:00\" \/>\n<meta property=\"og:image\" content=\"https:\/\/chosowa.pl\/wp-content\/uploads\/2019\/10\/open_graph_chosowa.jpg\" \/>\n\t<meta property=\"og:image:width\" content=\"1200\" \/>\n\t<meta property=\"og:image:height\" content=\"630\" \/>\n\t<meta property=\"og:image:type\" content=\"image\/jpeg\" \/>\n<meta name=\"author\" content=\"aadmin\" \/>\n<meta name=\"twitter:card\" content=\"summary_large_image\" \/>\n<meta name=\"twitter:label1\" content=\"\u041d\u0430\u043f\u0438\u0441\u0430\u043d\u043e \u0430\u0432\u0442\u043e\u0440\u043e\u043c\" \/>\n\t<meta name=\"twitter:data1\" content=\"aadmin\" \/>\n\t<meta name=\"twitter:label2\" content=\"\u041f\u0440\u0438\u043c\u0435\u0440\u043d\u043e\u0435 \u0432\u0440\u0435\u043c\u044f \u0434\u043b\u044f \u0447\u0442\u0435\u043d\u0438\u044f\" \/>\n\t<meta name=\"twitter:data2\" content=\"2 \u043c\u0438\u043d\u0443\u0442\u044b\" \/>\n<script type=\"application\/ld+json\" class=\"yoast-schema-graph\">{\"@context\":\"https:\/\/schema.org\",\"@graph\":[{\"@type\":\"WebPage\",\"@id\":\"https:\/\/chosowa.pl\/wydarzenia\/przygotuj-sie-na-najstraszniejsza-noc-w-roku\/\",\"url\":\"https:\/\/chosowa.pl\/wydarzenia\/przygotuj-sie-na-najstraszniejsza-noc-w-roku\/\",\"name\":\"Przygotuj si\u0119 na najstraszniejsz\u0105 noc w roku! - Osowa\",\"isPartOf\":{\"@id\":\"https:\/\/chosowa.pl\/ru\/#website\"},\"datePublished\":\"2021-10-29T11:57:28+00:00\",\"dateModified\":\"2021-10-29T11:57:28+00:00\",\"author\":{\"@id\":\"https:\/\/chosowa.pl\/ru\/#\/schema\/person\/15445b51bd45e4d72c2794a45adeb220\"},\"breadcrumb\":{\"@id\":\"https:\/\/chosowa.pl\/wydarzenia\/przygotuj-sie-na-najstraszniejsza-noc-w-roku\/#breadcrumb\"},\"inLanguage\":\"ru-RU\",\"potentialAction\":[{\"@type\":\"ReadAction\",\"target\":[\"https:\/\/chosowa.pl\/wydarzenia\/przygotuj-sie-na-najstraszniejsza-noc-w-roku\/\"]}]},{\"@type\":\"BreadcrumbList\",\"@id\":\"https:\/\/chosowa.pl\/wydarzenia\/przygotuj-sie-na-najstraszniejsza-noc-w-roku\/#breadcrumb\",\"itemListElement\":[{\"@type\":\"ListItem\",\"position\":1,\"name\":\"\u0434\u043e\u043c\u0430\",\"item\":\"https:\/\/chosowa.pl\/ru\/\"},{\"@type\":\"ListItem\",\"position\":2,\"name\":\"Wydarzenia\",\"item\":\"https:\/\/chosowa.pl\/.\/wydarzenia\/\"},{\"@type\":\"ListItem\",\"position\":3,\"name\":\"Przygotuj si\u0119 na&nbsp;najstraszniejsz\u0105 noc w&nbsp;roku!\"}]},{\"@type\":\"WebSite\",\"@id\":\"https:\/\/chosowa.pl\/ru\/#website\",\"url\":\"https:\/\/chosowa.pl\/ru\/\",\"name\":\"Osowa\",\"description\":\"Centrum Handlowe Osowa\",\"potentialAction\":[{\"@type\":\"SearchAction\",\"target\":{\"@type\":\"EntryPoint\",\"urlTemplate\":\"https:\/\/chosowa.pl\/ru\/?s={search_term_string}\"},\"query-input\":{\"@type\":\"PropertyValueSpecification\",\"valueRequired\":true,\"valueName\":\"search_term_string\"}}],\"inLanguage\":\"ru-RU\"},{\"@type\":\"Person\",\"@id\":\"https:\/\/chosowa.pl\/ru\/#\/schema\/person\/15445b51bd45e4d72c2794a45adeb220\",\"name\":\"aadmin\"}]}<\/script>\n<!-- \/ Yoast SEO plugin. -->","yoast_head_json":{"title":"Przygotuj si\u0119 na najstraszniejsz\u0105 noc w roku! - Osowa","robots":{"index":"index","follow":"follow","max-snippet":"max-snippet:-1","max-image-preview":"max-image-preview:large","max-video-preview":"max-video-preview:-1"},"canonical":"https:\/\/chosowa.pl\/wydarzenia\/przygotuj-sie-na-najstraszniejsza-noc-w-roku\/","og_locale":"ru_RU","og_type":"article","og_title":"Przygotuj si\u0119 na najstraszniejsz\u0105 noc w roku! - Osowa","og_description":"Ostatnie dni pa\u017adziernika \u2013 to dobry moment, by przygotowa\u0107 si\u0119 na Halloween, kt\u00f3re \u015bwi\u0119tujemy ju\u017c 31 pa\u017adziernika. Z tej okazji zapraszamy do naszego Centrum Handlowego Osowa po ogromn\u0105 dawk\u0119 inspiracji [&hellip;]","og_url":"https:\/\/chosowa.pl\/wydarzenia\/przygotuj-sie-na-najstraszniejsza-noc-w-roku\/","og_site_name":"Osowa","article_publisher":"https:\/\/www.facebook.com\/CHOsowa","article_published_time":"2021-10-29T11:57:28+00:00","og_image":[{"width":1200,"height":630,"url":"https:\/\/chosowa.pl\/wp-content\/uploads\/2019\/10\/open_graph_chosowa.jpg","type":"image\/jpeg"}],"author":"aadmin","twitter_card":"summary_large_image","twitter_misc":{"\u041d\u0430\u043f\u0438\u0441\u0430\u043d\u043e \u0430\u0432\u0442\u043e\u0440\u043e\u043c":"aadmin","\u041f\u0440\u0438\u043c\u0435\u0440\u043d\u043e\u0435 \u0432\u0440\u0435\u043c\u044f \u0434\u043b\u044f \u0447\u0442\u0435\u043d\u0438\u044f":"2 \u043c\u0438\u043d\u0443\u0442\u044b"},"schema":{"@context":"https:\/\/schema.org","@graph":[{"@type":"WebPage","@id":"https:\/\/chosowa.pl\/wydarzenia\/przygotuj-sie-na-najstraszniejsza-noc-w-roku\/","url":"https:\/\/chosowa.pl\/wydarzenia\/przygotuj-sie-na-najstraszniejsza-noc-w-roku\/","name":"Przygotuj si\u0119 na najstraszniejsz\u0105 noc w roku! - Osowa","isPartOf":{"@id":"https:\/\/chosowa.pl\/ru\/#website"},"datePublished":"2021-10-29T11:57:28+00:00","dateModified":"2021-10-29T11:57:28+00:00","author":{"@id":"https:\/\/chosowa.pl\/ru\/#\/schema\/person\/15445b51bd45e4d72c2794a45adeb220"},"breadcrumb":{"@id":"https:\/\/chosowa.pl\/wydarzenia\/przygotuj-sie-na-najstraszniejsza-noc-w-roku\/#breadcrumb"},"inLanguage":"ru-RU","potentialAction":[{"@type":"ReadAction","target":["https:\/\/chosowa.pl\/wydarzenia\/przygotuj-sie-na-najstraszniejsza-noc-w-roku\/"]}]},{"@type":"BreadcrumbList","@id":"https:\/\/chosowa.pl\/wydarzenia\/przygotuj-sie-na-najstraszniejsza-noc-w-roku\/#breadcrumb","itemListElement":[{"@type":"ListItem","position":1,"name":"\u0434\u043e\u043c\u0430","item":"https:\/\/chosowa.pl\/ru\/"},{"@type":"ListItem","position":2,"name":"Wydarzenia","item":"https:\/\/chosowa.pl\/.\/wydarzenia\/"},{"@type":"ListItem","position":3,"name":"Przygotuj si\u0119 na&nbsp;najstraszniejsz\u0105 noc w&nbsp;roku!"}]},{"@type":"WebSite","@id":"https:\/\/chosowa.pl\/ru\/#website","url":"https:\/\/chosowa.pl\/ru\/","name":"Osowa","description":"Centrum Handlowe Osowa","potentialAction":[{"@type":"SearchAction","target":{"@type":"EntryPoint","urlTemplate":"https:\/\/chosowa.pl\/ru\/?s={search_term_string}"},"query-input":{"@type":"PropertyValueSpecification","valueRequired":true,"valueName":"search_term_string"}}],"inLanguage":"ru-RU"},{"@type":"Person","@id":"https:\/\/chosowa.pl\/ru\/#\/schema\/person\/15445b51bd45e4d72c2794a45adeb220","name":"aadmin"}]}},"_links":{"self":[{"href":"https:\/\/chosowa.pl\/ru\/wp-json\/wp\/v2\/posts\/7120"}],"collection":[{"href":"https:\/\/chosowa.pl\/ru\/wp-json\/wp\/v2\/posts"}],"about":[{"href":"https:\/\/chosowa.pl\/ru\/wp-json\/wp\/v2\/types\/post"}],"author":[{"embeddable":true,"href":"https:\/\/chosowa.pl\/ru\/wp-json\/wp\/v2\/users\/1"}],"replies":[{"embeddable":true,"href":"https:\/\/chosowa.pl\/ru\/wp-json\/wp\/v2\/comments?post=7120"}],"version-history":[{"count":0,"href":"https:\/\/chosowa.pl\/ru\/wp-json\/wp\/v2\/posts\/7120\/revisions"}],"wp:attachment":[{"href":"https:\/\/chosowa.pl\/ru\/wp-json\/wp\/v2\/media?parent=7120"}],"wp:term":[{"taxonomy":"category","embeddable":true,"href":"https:\/\/chosowa.pl\/ru\/wp-json\/wp\/v2\/categories?post=7120"},{"taxonomy":"post_tag","embeddable":true,"href":"https:\/\/chosowa.pl\/ru\/wp-json\/wp\/v2\/tags?post=7120"}],"curies":[{"name":"wp","href":"https:\/\/api.w.org\/{rel}","templated":true}]}}