{"id":6776,"date":"2021-08-16T14:03:01","date_gmt":"2021-08-16T12:03:01","guid":{"rendered":"https:\/\/chosowa.pl\/?p=6776"},"modified":"2021-08-16T14:03:01","modified_gmt":"2021-08-16T12:03:01","slug":"powrot-do-szkoly-z-ch-osowa-2","status":"publish","type":"post","link":"https:\/\/chosowa.pl\/ru\/wydarzenia\/powrot-do-szkoly-z-ch-osowa-2\/","title":{"rendered":"Powr\u00f3t do szko\u0142y z CH Osowa"},"content":{"rendered":"<p>Nowy rok szkolny to czas intensywnych przygotowa\u0144 i zakup\u00f3w , dlatego podpowiadamy wam podstawow\u0105 list\u0119 rzeczy, kt\u00f3re nale\u017cy wzi\u0105\u0107 pod uwag\u0119 kompletuj\u0105c szkoln\u0105 wyprawk\u0119. Nasze sklepy \u2013 mi\u0119dzy innymi Auchan, \u015awiat Ksi\u0105\u017cki, CCC, PEPCO oraz Go Sport to punkty, w kt\u00f3rych znajdziemy potrzebne akcesoria do szkolnej wyprawki. Nadszed\u0142 czas \u2013 aby wybra\u0107 nowe plecaki, segregatory, teczki, o\u0142\u00f3wki, ubrania, kalkulatory i kredki \u2013 nie wspominaj\u0105c o tym, \u017ce nadal dzieci b\u0119d\u0105 potrzebowa\u0107 masek na twarz i odka\u017caczy do r\u0105k.<\/p>\n<p><strong>PLECAKI<\/strong><\/p>\n<p>Noszenie ksi\u0105\u017cek i innych materia\u0142\u00f3w to sta\u0142e dzia\u0142anie trwaj\u0105ce od poniedzia\u0142ku do pi\u0105tku. Dlatego solidny plecak to wa\u017cna inwestycja.\u00a0Aby wybra\u0107 taki, kt\u00f3ry jest bezpieczny i wygodny, pami\u0119taj o poni\u017cszych wskaz\u00f3wkach:<\/p>\n<ul>\n<li>poszukaj plecaka z usztywnianym ty\u0142em, aby zmniejszy\u0107 nacisk na plecy i ramiona,<\/li>\n<li>wybierz torb\u0119 z wieloma przegr\u00f3dkami. Bezpiecznie trzymaj\u0105 przedmioty, jednocze\u015bnie lepiej rozk\u0142adaj\u0105c ci\u0119\u017car,<\/li>\n<li>szukaj plecak\u00f3w z odblaskowym materia\u0142em, aby Twoje dziecko by\u0142o bardziej widoczne dla innych.<\/li>\n<\/ul>\n<p><strong>KALENDARZE<\/strong><\/p>\n<p>Zadania domowe, treningi sportowe, lekcje muzyki\u2014 uff! Uczniowie zawsze maj\u0105 mn\u00f3stwo wa\u017cnych dat, wi\u0119c do ich kontroli niezb\u0119dny jest kalendarz. Planery do noszenia ze sob\u0105 s\u0105 zwykle najpopularniejszym wyborem, poniewa\u017c zgrabnie mieszcz\u0105 si\u0119 w plecaku. Te w mniejszym formacie s\u0105 przydatne w szkole i w domu. Dla m\u0142odszych uczni\u00f3w, kt\u00f3rzy nie s\u0105 gotowi na samodzielne planowanie, idealnym wyborem b\u0119dzie kalendarz \u015bcienny. To \u015bwietne wizualne przypomnienie tego, co dzieje si\u0119 w tygodniu lub danym miesi\u0105cu.<\/p>\n<p><strong>FLAMASTRY I ZAKRE\u015aLACZE<\/strong><\/p>\n<p>Mo\u017cesz pomy\u015ble\u0107, \u017ce Twoje dziecko wyros\u0142o ju\u017c z kredek i marker\u00f3w, ale starsze dzieci nadal wykonuj\u0105 projekty naukowe, grupowe projekty badawcze i raporty, kt\u00f3re wymagaj\u0105 prezentacji wizualnych.\u00a0Nie daj si\u0119 zaskoczy\u0107 pust\u0105 p\u00f3\u0142k\u0105 na noc przed terminem realizacji projektu!<\/p>\n<p><strong>BRELOCZKI<\/strong><\/p>\n<p>Czasami przypomnienie o domu mo\u017ce by\u0107 niezwykle pomocne w przej\u015bciu nowicjusza do \u015brodowiska szkolnego. Kiedy idziesz razem na szkolne zakupy, wybierz ma\u0142y, barwny breloczek. Na pewno doda mu otuchy i przyniesie u\u015bmiech na twarzy.<\/p>\n<p><strong>PORADNIKI, ENCYKLOPEDIE I ATLASY<\/strong><\/p>\n<p>Jednym ze sposob\u00f3w na upewnienie si\u0119, \u017ce Twoje dziecko jest na bie\u017c\u0105co z materia\u0142em, jest praktyka. Je\u015bli pami\u0119tacie jaki\u015b konkretny temat, z kt\u00f3rym zmaga\u0142o si\u0119 w zesz\u0142ym roku, przynosz\u0105c trudno\u015bci, wybierz ksi\u0105\u017ck\u0119 z pi\u0119ciominutowymi \u0107wiczeniami, kt\u00f3re pomagaj\u0105 budowa\u0107 umiej\u0119tno\u015bci.<\/p>\n<p><strong>DEZYNFEKCJA R\u0104K<\/strong><\/p>\n<p>Mycie r\u0105k w \u015brodku zaj\u0119\u0107 nie zawsze wchodzi w gr\u0119.\u00a0Posiadanie osobistego \u015brodka do dezynfekcji r\u0105k mo\u017ce znacznie u\u0142atwi\u0107 pociechom zadanie.\u00a0Spraw, aby Twoje dzieci wybra\u0142y silikonowy model wielko\u015bci breloka do kluczy.\u00a0\u00a0Mini pojemniki na \u015brodek do dezynfekcji r\u0105k\u00a0pozwalaj\u0105 nape\u0142ni\u0107 je preferowanym \u015brodkiem dezynfekuj\u0105cym, a nast\u0119pnie przymocowa\u0107 do plecaka dziecka.<\/p>\n<p><strong>SEGREGATORY<\/strong><\/p>\n<p>Je\u015bli Twoje dziecko notorycznie zapomina o przekazywaniu wa\u017cnych dokument\u00f3w z klasy, by\u0107 mo\u017ce nadszed\u0142 czas na now\u0105 strategi\u0119.\u00a0Wybierz segregator, w kt\u00f3rym zaraz po przyje\u017adzie do domu b\u0119dzie m\u00f3g\u0142 w\u0142o\u017cy\u0107 szkolne papiery.\u00a0Po\u0142\u00f3\u017c go w widocznym, \u0142atwo dost\u0119pnym miejscu, takim jak blat kuchenny lub szafka w przedpokoju.<\/p>\n<p><strong>OD ST\u00d3P DO G\u0141\u00d3W<\/strong><\/p>\n<p>Str\u00f3j ga\u00adlo\u00adwy, ubra\u00adnie na\u00a0w-f, je\u00adsien\u00adna kurt\u00adka, bu\u00adty na\u00a0zmia\u00adn\u0119\u2026 W\u00a0za\u00adpe\u0142\u00adnie\u00adniu szafy ucznia po\u00admo\u00ad\u017ce ofer\u00adta skle\u00adp\u00f3w odzie\u00ad\u017co\u00adwych. H&amp;M, 5-10-15 czy Pepco oferuj\u0105 szeroki wyb\u00f3r ubra\u0144 dla ch\u0142opc\u00f3w i dziewczynek w okazyjnych cenach. Przyst\u0119pne ceny i spory asortyment sukienek, bluz, spodni i but\u00f3w, sprawiaj\u0105, \u017ce jest to \u015bwietna opcja dla szybko rosn\u0105cych dzieci. Trudno si\u0119 oprze\u0107 kolorowym nadrukom, zabawnym detalom i modnym fasonom.<\/p>\n","protected":false},"excerpt":{"rendered":"<p>Nowy rok szkolny to czas intensywnych przygotowa\u0144 i zakup\u00f3w , dlatego podpowiadamy wam podstawow\u0105 list\u0119 rzeczy, kt\u00f3re nale\u017cy wzi\u0105\u0107 pod uwag\u0119 kompletuj\u0105c szkoln\u0105 wyprawk\u0119. Nasze sklepy \u2013 mi\u0119dzy innymi Auchan, [&hellip;]<\/p>\n","protected":false},"author":1,"featured_media":0,"comment_status":"closed","ping_status":"closed","sticky":false,"template":"","format":"standard","meta":{"_acf_changed":false,"footnotes":""},"categories":[15],"tags":[],"class_list":["post-6776","post","type-post","status-publish","format-standard","hentry","category-wydarzenia"],"acf":[],"yoast_head":"<!-- This site is optimized with the Yoast SEO plugin v23.6 - https:\/\/yoast.com\/wordpress\/plugins\/seo\/ -->\n<title>Powr\u00f3t do szko\u0142y z CH Osowa - Osowa<\/title>\n<meta name=\"robots\" content=\"index, follow, max-snippet:-1, max-image-preview:large, max-video-preview:-1\" \/>\n<link rel=\"canonical\" href=\"https:\/\/chosowa.pl\/wydarzenia\/powrot-do-szkoly-z-ch-osowa-2\/\" \/>\n<meta property=\"og:locale\" content=\"ru_RU\" \/>\n<meta property=\"og:type\" content=\"article\" \/>\n<meta property=\"og:title\" content=\"Powr\u00f3t do szko\u0142y z CH Osowa - Osowa\" \/>\n<meta property=\"og:description\" content=\"Nowy rok szkolny to czas intensywnych przygotowa\u0144 i zakup\u00f3w , dlatego podpowiadamy wam podstawow\u0105 list\u0119 rzeczy, kt\u00f3re nale\u017cy wzi\u0105\u0107 pod uwag\u0119 kompletuj\u0105c szkoln\u0105 wyprawk\u0119. Nasze sklepy \u2013 mi\u0119dzy innymi Auchan, [&hellip;]\" \/>\n<meta property=\"og:url\" content=\"https:\/\/chosowa.pl\/wydarzenia\/powrot-do-szkoly-z-ch-osowa-2\/\" \/>\n<meta property=\"og:site_name\" content=\"Osowa\" \/>\n<meta property=\"article:publisher\" content=\"https:\/\/www.facebook.com\/CHOsowa\" \/>\n<meta property=\"article:published_time\" content=\"2021-08-16T12:03:01+00:00\" \/>\n<meta property=\"og:image\" content=\"https:\/\/chosowa.pl\/wp-content\/uploads\/2019\/10\/open_graph_chosowa.jpg\" \/>\n\t<meta property=\"og:image:width\" content=\"1200\" \/>\n\t<meta property=\"og:image:height\" content=\"630\" \/>\n\t<meta property=\"og:image:type\" content=\"image\/jpeg\" \/>\n<meta name=\"author\" content=\"aadmin\" \/>\n<meta name=\"twitter:card\" content=\"summary_large_image\" \/>\n<meta name=\"twitter:label1\" content=\"\u041d\u0430\u043f\u0438\u0441\u0430\u043d\u043e \u0430\u0432\u0442\u043e\u0440\u043e\u043c\" \/>\n\t<meta name=\"twitter:data1\" content=\"aadmin\" \/>\n\t<meta name=\"twitter:label2\" content=\"\u041f\u0440\u0438\u043c\u0435\u0440\u043d\u043e\u0435 \u0432\u0440\u0435\u043c\u044f \u0434\u043b\u044f \u0447\u0442\u0435\u043d\u0438\u044f\" \/>\n\t<meta name=\"twitter:data2\" content=\"3 \u043c\u0438\u043d\u0443\u0442\u044b\" \/>\n<script type=\"application\/ld+json\" class=\"yoast-schema-graph\">{\"@context\":\"https:\/\/schema.org\",\"@graph\":[{\"@type\":\"WebPage\",\"@id\":\"https:\/\/chosowa.pl\/wydarzenia\/powrot-do-szkoly-z-ch-osowa-2\/\",\"url\":\"https:\/\/chosowa.pl\/wydarzenia\/powrot-do-szkoly-z-ch-osowa-2\/\",\"name\":\"Powr\u00f3t do szko\u0142y z CH Osowa - Osowa\",\"isPartOf\":{\"@id\":\"https:\/\/chosowa.pl\/ru\/#website\"},\"datePublished\":\"2021-08-16T12:03:01+00:00\",\"dateModified\":\"2021-08-16T12:03:01+00:00\",\"author\":{\"@id\":\"https:\/\/chosowa.pl\/ru\/#\/schema\/person\/15445b51bd45e4d72c2794a45adeb220\"},\"breadcrumb\":{\"@id\":\"https:\/\/chosowa.pl\/wydarzenia\/powrot-do-szkoly-z-ch-osowa-2\/#breadcrumb\"},\"inLanguage\":\"ru-RU\",\"potentialAction\":[{\"@type\":\"ReadAction\",\"target\":[\"https:\/\/chosowa.pl\/wydarzenia\/powrot-do-szkoly-z-ch-osowa-2\/\"]}]},{\"@type\":\"BreadcrumbList\",\"@id\":\"https:\/\/chosowa.pl\/wydarzenia\/powrot-do-szkoly-z-ch-osowa-2\/#breadcrumb\",\"itemListElement\":[{\"@type\":\"ListItem\",\"position\":1,\"name\":\"\u0434\u043e\u043c\u0430\",\"item\":\"https:\/\/chosowa.pl\/ru\/\"},{\"@type\":\"ListItem\",\"position\":2,\"name\":\"Wydarzenia\",\"item\":\"https:\/\/chosowa.pl\/.\/wydarzenia\/\"},{\"@type\":\"ListItem\",\"position\":3,\"name\":\"Powr\u00f3t do&nbsp;szko\u0142y z&nbsp;CH Osowa\"}]},{\"@type\":\"WebSite\",\"@id\":\"https:\/\/chosowa.pl\/ru\/#website\",\"url\":\"https:\/\/chosowa.pl\/ru\/\",\"name\":\"Osowa\",\"description\":\"Centrum Handlowe Osowa\",\"potentialAction\":[{\"@type\":\"SearchAction\",\"target\":{\"@type\":\"EntryPoint\",\"urlTemplate\":\"https:\/\/chosowa.pl\/ru\/?s={search_term_string}\"},\"query-input\":{\"@type\":\"PropertyValueSpecification\",\"valueRequired\":true,\"valueName\":\"search_term_string\"}}],\"inLanguage\":\"ru-RU\"},{\"@type\":\"Person\",\"@id\":\"https:\/\/chosowa.pl\/ru\/#\/schema\/person\/15445b51bd45e4d72c2794a45adeb220\",\"name\":\"aadmin\"}]}<\/script>\n<!-- \/ Yoast SEO plugin. -->","yoast_head_json":{"title":"Powr\u00f3t do szko\u0142y z CH Osowa - Osowa","robots":{"index":"index","follow":"follow","max-snippet":"max-snippet:-1","max-image-preview":"max-image-preview:large","max-video-preview":"max-video-preview:-1"},"canonical":"https:\/\/chosowa.pl\/wydarzenia\/powrot-do-szkoly-z-ch-osowa-2\/","og_locale":"ru_RU","og_type":"article","og_title":"Powr\u00f3t do szko\u0142y z CH Osowa - Osowa","og_description":"Nowy rok szkolny to czas intensywnych przygotowa\u0144 i zakup\u00f3w , dlatego podpowiadamy wam podstawow\u0105 list\u0119 rzeczy, kt\u00f3re nale\u017cy wzi\u0105\u0107 pod uwag\u0119 kompletuj\u0105c szkoln\u0105 wyprawk\u0119. Nasze sklepy \u2013 mi\u0119dzy innymi Auchan, [&hellip;]","og_url":"https:\/\/chosowa.pl\/wydarzenia\/powrot-do-szkoly-z-ch-osowa-2\/","og_site_name":"Osowa","article_publisher":"https:\/\/www.facebook.com\/CHOsowa","article_published_time":"2021-08-16T12:03:01+00:00","og_image":[{"width":1200,"height":630,"url":"https:\/\/chosowa.pl\/wp-content\/uploads\/2019\/10\/open_graph_chosowa.jpg","type":"image\/jpeg"}],"author":"aadmin","twitter_card":"summary_large_image","twitter_misc":{"\u041d\u0430\u043f\u0438\u0441\u0430\u043d\u043e \u0430\u0432\u0442\u043e\u0440\u043e\u043c":"aadmin","\u041f\u0440\u0438\u043c\u0435\u0440\u043d\u043e\u0435 \u0432\u0440\u0435\u043c\u044f \u0434\u043b\u044f \u0447\u0442\u0435\u043d\u0438\u044f":"3 \u043c\u0438\u043d\u0443\u0442\u044b"},"schema":{"@context":"https:\/\/schema.org","@graph":[{"@type":"WebPage","@id":"https:\/\/chosowa.pl\/wydarzenia\/powrot-do-szkoly-z-ch-osowa-2\/","url":"https:\/\/chosowa.pl\/wydarzenia\/powrot-do-szkoly-z-ch-osowa-2\/","name":"Powr\u00f3t do szko\u0142y z CH Osowa - Osowa","isPartOf":{"@id":"https:\/\/chosowa.pl\/ru\/#website"},"datePublished":"2021-08-16T12:03:01+00:00","dateModified":"2021-08-16T12:03:01+00:00","author":{"@id":"https:\/\/chosowa.pl\/ru\/#\/schema\/person\/15445b51bd45e4d72c2794a45adeb220"},"breadcrumb":{"@id":"https:\/\/chosowa.pl\/wydarzenia\/powrot-do-szkoly-z-ch-osowa-2\/#breadcrumb"},"inLanguage":"ru-RU","potentialAction":[{"@type":"ReadAction","target":["https:\/\/chosowa.pl\/wydarzenia\/powrot-do-szkoly-z-ch-osowa-2\/"]}]},{"@type":"BreadcrumbList","@id":"https:\/\/chosowa.pl\/wydarzenia\/powrot-do-szkoly-z-ch-osowa-2\/#breadcrumb","itemListElement":[{"@type":"ListItem","position":1,"name":"\u0434\u043e\u043c\u0430","item":"https:\/\/chosowa.pl\/ru\/"},{"@type":"ListItem","position":2,"name":"Wydarzenia","item":"https:\/\/chosowa.pl\/.\/wydarzenia\/"},{"@type":"ListItem","position":3,"name":"Powr\u00f3t do&nbsp;szko\u0142y z&nbsp;CH Osowa"}]},{"@type":"WebSite","@id":"https:\/\/chosowa.pl\/ru\/#website","url":"https:\/\/chosowa.pl\/ru\/","name":"Osowa","description":"Centrum Handlowe Osowa","potentialAction":[{"@type":"SearchAction","target":{"@type":"EntryPoint","urlTemplate":"https:\/\/chosowa.pl\/ru\/?s={search_term_string}"},"query-input":{"@type":"PropertyValueSpecification","valueRequired":true,"valueName":"search_term_string"}}],"inLanguage":"ru-RU"},{"@type":"Person","@id":"https:\/\/chosowa.pl\/ru\/#\/schema\/person\/15445b51bd45e4d72c2794a45adeb220","name":"aadmin"}]}},"_links":{"self":[{"href":"https:\/\/chosowa.pl\/ru\/wp-json\/wp\/v2\/posts\/6776"}],"collection":[{"href":"https:\/\/chosowa.pl\/ru\/wp-json\/wp\/v2\/posts"}],"about":[{"href":"https:\/\/chosowa.pl\/ru\/wp-json\/wp\/v2\/types\/post"}],"author":[{"embeddable":true,"href":"https:\/\/chosowa.pl\/ru\/wp-json\/wp\/v2\/users\/1"}],"replies":[{"embeddable":true,"href":"https:\/\/chosowa.pl\/ru\/wp-json\/wp\/v2\/comments?post=6776"}],"version-history":[{"count":0,"href":"https:\/\/chosowa.pl\/ru\/wp-json\/wp\/v2\/posts\/6776\/revisions"}],"wp:attachment":[{"href":"https:\/\/chosowa.pl\/ru\/wp-json\/wp\/v2\/media?parent=6776"}],"wp:term":[{"taxonomy":"category","embeddable":true,"href":"https:\/\/chosowa.pl\/ru\/wp-json\/wp\/v2\/categories?post=6776"},{"taxonomy":"post_tag","embeddable":true,"href":"https:\/\/chosowa.pl\/ru\/wp-json\/wp\/v2\/tags?post=6776"}],"curies":[{"name":"wp","href":"https:\/\/api.w.org\/{rel}","templated":true}]}}