{"id":6377,"date":"2021-06-01T09:39:10","date_gmt":"2021-06-01T07:39:10","guid":{"rendered":"https:\/\/chosowa.pl\/?p=6377"},"modified":"2021-06-01T09:39:10","modified_gmt":"2021-06-01T07:39:10","slug":"swietuj-dzien-dziecka-z-ch-osowa","status":"publish","type":"post","link":"https:\/\/chosowa.pl\/ru\/wydarzenia\/swietuj-dzien-dziecka-z-ch-osowa\/","title":{"rendered":"\u015awi\u0119tuj Dzie\u0144 Dziecka z CH Osowa"},"content":{"rendered":"<p>Dzie\u0144 Dziecka to jeden z najrado\u015bniejszych dni roku \u2013 wszystkie dzieci wyczekuj\u0105 do z niecierpliwo\u015bci\u0105. Samochody, elektronika, lalki, klocki, rowery czy pluszowe misie? Wyb\u00f3r zabawek i gad\u017cet\u00f3w dla dzieci w sklepach jest ogromny, dlatego przedstawiamy ma\u0142y poradnik, kt\u00f3ry pomo\u017ce dokona\u0107 wyboru w tym wyj\u0105tkowym dniu!<\/p>\n<p><strong>Najm\u0142odsze pociechy \u2013 nasze maluchy<\/strong><\/p>\n<p>Dla naszych najm\u0142odszych pociech, opr\u00f3cz klock\u00f3w, pi\u0142ki czy maskotki, mo\u017cemy kupi\u0107 kask na rower, kt\u00f3ry b\u0119dzie idealnym dodatkiem na d\u0142ugie rodzinne rowerowe przeja\u017cd\u017cki. Kaski dla dzieci w r\u00f3\u017cnych kolorach znajdziemy w sklepie GO Sport i salonie Szprychy. Kolejnym pomys\u0142em na prezent dla maluch\u00f3w s\u0105 zabawki interakcyjne, kt\u00f3re znajdziemy w sklepie Auchan lub kolorowe ksi\u0105\u017cki z ksi\u0119garni \u015awiat Ksi\u0105\u017cki.<\/p>\n<p><strong>Czas na Przedszkolak\u00f3w<\/strong><\/p>\n<p>Hulajnoga, rower, a mo\u017ce instrument muzyczny? To jedne z kreatywnych zabawek, kt\u00f3re nigdy nie przestaj\u0105 by\u0107 modne. Takie prezenty b\u0119d\u0105 prawdziwym strza\u0142em w dziesi\u0105tk\u0119. Sportowe lub muzyczne gad\u017cety to nie tylko zabawki, ale i bardzo wa\u017cny element rozwoju i edukacji naszych dzieci. Pomys\u0142y na prezent na Dzie\u0144 Dziecka dla przedszkolaka znajdziecie w sklepie Pepco i Auchan.<\/p>\n<p><strong>Co ze starszakami?<\/strong><\/p>\n<p>Dzieci w 10-tym roku \u017cycia to wulkany pe\u0142ne energii. Znalezienie odpowiedniego prezentu to nie lada wyzwanie! Dobrym pomys\u0142em b\u0119d\u0105 gry planszowe, gad\u017cety elektroniczne, klocki LEGO oraz gry komputerowe \u2013 te ostatnie znajdziesz w RTV EURO AGD. Pami\u0119tajmy, aby w pierwszej kolejno\u015bci wzi\u0105\u0107 pod uwag\u0119 najwi\u0119ksze zainteresowania naszej pociechy<\/p>\n<p><strong>Prezenty dla nastolatk\u00f3w<\/strong><\/p>\n<p>Wyb\u00f3r prezentu dla nastolatka mo\u017ce by\u0107 prawdziwym wyzwaniem. Na szcz\u0119\u015bcie w naszych sklepach znajdziesz nietuzinkowe gad\u017cety i prezenty dla nastolatka i m\u0142odzie\u017cy. Niebanalne prezenty w postaci przeno\u015bnych g\u0142o\u015bnik\u00f3w Bluetooth, s\u0142uchawek bezprzewodowych lub subtelna bi\u017cuteria z indywidualnym grawerem prosto z APART, na pewno sprawi\u0105 im rado\u015b\u0107.<\/p>\n<p>Po udanych zakupach zapraszamy na lody, robione wed\u0142ug autorskiej receptury, do cukierni Sowa. Takie \u0142akocie na pewno rozpieszcz\u0105 podniebienie i wywo\u0142aj\u0105 u\u015bmiech na ka\u017cdej buzi<\/p>\n<p><strong>Z okazji Dnia Dziecka Zesp\u00f3\u0142 Centrum Handlowego Osowa wszystkim dzieciom \u2013 tym ma\u0142ym i du\u017cym, \u017cyczy wielu powod\u00f3w do u\u015bmiechu i rado\u015bci oraz rozwijania swoich talent\u00f3w i pasji.<\/strong><\/p>\n","protected":false},"excerpt":{"rendered":"<p>Dzie\u0144 Dziecka to jeden z najrado\u015bniejszych dni roku \u2013 wszystkie dzieci wyczekuj\u0105 do z niecierpliwo\u015bci\u0105. Samochody, elektronika, lalki, klocki, rowery czy pluszowe misie? Wyb\u00f3r zabawek i gad\u017cet\u00f3w dla dzieci w [&hellip;]<\/p>\n","protected":false},"author":1,"featured_media":0,"comment_status":"closed","ping_status":"closed","sticky":false,"template":"","format":"standard","meta":{"_acf_changed":false,"footnotes":""},"categories":[15],"tags":[],"class_list":["post-6377","post","type-post","status-publish","format-standard","hentry","category-wydarzenia"],"acf":[],"yoast_head":"<!-- This site is optimized with the Yoast SEO plugin v23.6 - https:\/\/yoast.com\/wordpress\/plugins\/seo\/ -->\n<title>\u015awi\u0119tuj Dzie\u0144 Dziecka z CH Osowa - Osowa<\/title>\n<meta name=\"robots\" content=\"index, follow, max-snippet:-1, max-image-preview:large, max-video-preview:-1\" \/>\n<link rel=\"canonical\" href=\"https:\/\/chosowa.pl\/wydarzenia\/swietuj-dzien-dziecka-z-ch-osowa\/\" \/>\n<meta property=\"og:locale\" content=\"ru_RU\" \/>\n<meta property=\"og:type\" content=\"article\" \/>\n<meta property=\"og:title\" content=\"\u015awi\u0119tuj Dzie\u0144 Dziecka z CH Osowa - Osowa\" \/>\n<meta property=\"og:description\" content=\"Dzie\u0144 Dziecka to jeden z najrado\u015bniejszych dni roku \u2013 wszystkie dzieci wyczekuj\u0105 do z niecierpliwo\u015bci\u0105. Samochody, elektronika, lalki, klocki, rowery czy pluszowe misie? Wyb\u00f3r zabawek i gad\u017cet\u00f3w dla dzieci w [&hellip;]\" \/>\n<meta property=\"og:url\" content=\"https:\/\/chosowa.pl\/wydarzenia\/swietuj-dzien-dziecka-z-ch-osowa\/\" \/>\n<meta property=\"og:site_name\" content=\"Osowa\" \/>\n<meta property=\"article:publisher\" content=\"https:\/\/www.facebook.com\/CHOsowa\" \/>\n<meta property=\"article:published_time\" content=\"2021-06-01T07:39:10+00:00\" \/>\n<meta property=\"og:image\" content=\"https:\/\/chosowa.pl\/wp-content\/uploads\/2019\/10\/open_graph_chosowa.jpg\" \/>\n\t<meta property=\"og:image:width\" content=\"1200\" \/>\n\t<meta property=\"og:image:height\" content=\"630\" \/>\n\t<meta property=\"og:image:type\" content=\"image\/jpeg\" \/>\n<meta name=\"author\" content=\"aadmin\" \/>\n<meta name=\"twitter:card\" content=\"summary_large_image\" \/>\n<meta name=\"twitter:label1\" content=\"\u041d\u0430\u043f\u0438\u0441\u0430\u043d\u043e \u0430\u0432\u0442\u043e\u0440\u043e\u043c\" \/>\n\t<meta name=\"twitter:data1\" content=\"aadmin\" \/>\n\t<meta name=\"twitter:label2\" content=\"\u041f\u0440\u0438\u043c\u0435\u0440\u043d\u043e\u0435 \u0432\u0440\u0435\u043c\u044f \u0434\u043b\u044f \u0447\u0442\u0435\u043d\u0438\u044f\" \/>\n\t<meta name=\"twitter:data2\" content=\"2 \u043c\u0438\u043d\u0443\u0442\u044b\" \/>\n<script type=\"application\/ld+json\" class=\"yoast-schema-graph\">{\"@context\":\"https:\/\/schema.org\",\"@graph\":[{\"@type\":\"WebPage\",\"@id\":\"https:\/\/chosowa.pl\/wydarzenia\/swietuj-dzien-dziecka-z-ch-osowa\/\",\"url\":\"https:\/\/chosowa.pl\/wydarzenia\/swietuj-dzien-dziecka-z-ch-osowa\/\",\"name\":\"\u015awi\u0119tuj Dzie\u0144 Dziecka z CH Osowa - Osowa\",\"isPartOf\":{\"@id\":\"https:\/\/chosowa.pl\/ru\/#website\"},\"datePublished\":\"2021-06-01T07:39:10+00:00\",\"dateModified\":\"2021-06-01T07:39:10+00:00\",\"author\":{\"@id\":\"https:\/\/chosowa.pl\/ru\/#\/schema\/person\/15445b51bd45e4d72c2794a45adeb220\"},\"breadcrumb\":{\"@id\":\"https:\/\/chosowa.pl\/wydarzenia\/swietuj-dzien-dziecka-z-ch-osowa\/#breadcrumb\"},\"inLanguage\":\"ru-RU\",\"potentialAction\":[{\"@type\":\"ReadAction\",\"target\":[\"https:\/\/chosowa.pl\/wydarzenia\/swietuj-dzien-dziecka-z-ch-osowa\/\"]}]},{\"@type\":\"BreadcrumbList\",\"@id\":\"https:\/\/chosowa.pl\/wydarzenia\/swietuj-dzien-dziecka-z-ch-osowa\/#breadcrumb\",\"itemListElement\":[{\"@type\":\"ListItem\",\"position\":1,\"name\":\"\u0434\u043e\u043c\u0430\",\"item\":\"https:\/\/chosowa.pl\/ru\/\"},{\"@type\":\"ListItem\",\"position\":2,\"name\":\"Wydarzenia\",\"item\":\"https:\/\/chosowa.pl\/.\/wydarzenia\/\"},{\"@type\":\"ListItem\",\"position\":3,\"name\":\"\u015awi\u0119tuj Dzie\u0144 Dziecka z&nbsp;CH Osowa\"}]},{\"@type\":\"WebSite\",\"@id\":\"https:\/\/chosowa.pl\/ru\/#website\",\"url\":\"https:\/\/chosowa.pl\/ru\/\",\"name\":\"Osowa\",\"description\":\"Centrum Handlowe Osowa\",\"potentialAction\":[{\"@type\":\"SearchAction\",\"target\":{\"@type\":\"EntryPoint\",\"urlTemplate\":\"https:\/\/chosowa.pl\/ru\/?s={search_term_string}\"},\"query-input\":{\"@type\":\"PropertyValueSpecification\",\"valueRequired\":true,\"valueName\":\"search_term_string\"}}],\"inLanguage\":\"ru-RU\"},{\"@type\":\"Person\",\"@id\":\"https:\/\/chosowa.pl\/ru\/#\/schema\/person\/15445b51bd45e4d72c2794a45adeb220\",\"name\":\"aadmin\"}]}<\/script>\n<!-- \/ Yoast SEO plugin. -->","yoast_head_json":{"title":"\u015awi\u0119tuj Dzie\u0144 Dziecka z CH Osowa - Osowa","robots":{"index":"index","follow":"follow","max-snippet":"max-snippet:-1","max-image-preview":"max-image-preview:large","max-video-preview":"max-video-preview:-1"},"canonical":"https:\/\/chosowa.pl\/wydarzenia\/swietuj-dzien-dziecka-z-ch-osowa\/","og_locale":"ru_RU","og_type":"article","og_title":"\u015awi\u0119tuj Dzie\u0144 Dziecka z CH Osowa - Osowa","og_description":"Dzie\u0144 Dziecka to jeden z najrado\u015bniejszych dni roku \u2013 wszystkie dzieci wyczekuj\u0105 do z niecierpliwo\u015bci\u0105. Samochody, elektronika, lalki, klocki, rowery czy pluszowe misie? Wyb\u00f3r zabawek i gad\u017cet\u00f3w dla dzieci w [&hellip;]","og_url":"https:\/\/chosowa.pl\/wydarzenia\/swietuj-dzien-dziecka-z-ch-osowa\/","og_site_name":"Osowa","article_publisher":"https:\/\/www.facebook.com\/CHOsowa","article_published_time":"2021-06-01T07:39:10+00:00","og_image":[{"width":1200,"height":630,"url":"https:\/\/chosowa.pl\/wp-content\/uploads\/2019\/10\/open_graph_chosowa.jpg","type":"image\/jpeg"}],"author":"aadmin","twitter_card":"summary_large_image","twitter_misc":{"\u041d\u0430\u043f\u0438\u0441\u0430\u043d\u043e \u0430\u0432\u0442\u043e\u0440\u043e\u043c":"aadmin","\u041f\u0440\u0438\u043c\u0435\u0440\u043d\u043e\u0435 \u0432\u0440\u0435\u043c\u044f \u0434\u043b\u044f \u0447\u0442\u0435\u043d\u0438\u044f":"2 \u043c\u0438\u043d\u0443\u0442\u044b"},"schema":{"@context":"https:\/\/schema.org","@graph":[{"@type":"WebPage","@id":"https:\/\/chosowa.pl\/wydarzenia\/swietuj-dzien-dziecka-z-ch-osowa\/","url":"https:\/\/chosowa.pl\/wydarzenia\/swietuj-dzien-dziecka-z-ch-osowa\/","name":"\u015awi\u0119tuj Dzie\u0144 Dziecka z CH Osowa - Osowa","isPartOf":{"@id":"https:\/\/chosowa.pl\/ru\/#website"},"datePublished":"2021-06-01T07:39:10+00:00","dateModified":"2021-06-01T07:39:10+00:00","author":{"@id":"https:\/\/chosowa.pl\/ru\/#\/schema\/person\/15445b51bd45e4d72c2794a45adeb220"},"breadcrumb":{"@id":"https:\/\/chosowa.pl\/wydarzenia\/swietuj-dzien-dziecka-z-ch-osowa\/#breadcrumb"},"inLanguage":"ru-RU","potentialAction":[{"@type":"ReadAction","target":["https:\/\/chosowa.pl\/wydarzenia\/swietuj-dzien-dziecka-z-ch-osowa\/"]}]},{"@type":"BreadcrumbList","@id":"https:\/\/chosowa.pl\/wydarzenia\/swietuj-dzien-dziecka-z-ch-osowa\/#breadcrumb","itemListElement":[{"@type":"ListItem","position":1,"name":"\u0434\u043e\u043c\u0430","item":"https:\/\/chosowa.pl\/ru\/"},{"@type":"ListItem","position":2,"name":"Wydarzenia","item":"https:\/\/chosowa.pl\/.\/wydarzenia\/"},{"@type":"ListItem","position":3,"name":"\u015awi\u0119tuj Dzie\u0144 Dziecka z&nbsp;CH Osowa"}]},{"@type":"WebSite","@id":"https:\/\/chosowa.pl\/ru\/#website","url":"https:\/\/chosowa.pl\/ru\/","name":"Osowa","description":"Centrum Handlowe Osowa","potentialAction":[{"@type":"SearchAction","target":{"@type":"EntryPoint","urlTemplate":"https:\/\/chosowa.pl\/ru\/?s={search_term_string}"},"query-input":{"@type":"PropertyValueSpecification","valueRequired":true,"valueName":"search_term_string"}}],"inLanguage":"ru-RU"},{"@type":"Person","@id":"https:\/\/chosowa.pl\/ru\/#\/schema\/person\/15445b51bd45e4d72c2794a45adeb220","name":"aadmin"}]}},"_links":{"self":[{"href":"https:\/\/chosowa.pl\/ru\/wp-json\/wp\/v2\/posts\/6377"}],"collection":[{"href":"https:\/\/chosowa.pl\/ru\/wp-json\/wp\/v2\/posts"}],"about":[{"href":"https:\/\/chosowa.pl\/ru\/wp-json\/wp\/v2\/types\/post"}],"author":[{"embeddable":true,"href":"https:\/\/chosowa.pl\/ru\/wp-json\/wp\/v2\/users\/1"}],"replies":[{"embeddable":true,"href":"https:\/\/chosowa.pl\/ru\/wp-json\/wp\/v2\/comments?post=6377"}],"version-history":[{"count":0,"href":"https:\/\/chosowa.pl\/ru\/wp-json\/wp\/v2\/posts\/6377\/revisions"}],"wp:attachment":[{"href":"https:\/\/chosowa.pl\/ru\/wp-json\/wp\/v2\/media?parent=6377"}],"wp:term":[{"taxonomy":"category","embeddable":true,"href":"https:\/\/chosowa.pl\/ru\/wp-json\/wp\/v2\/categories?post=6377"},{"taxonomy":"post_tag","embeddable":true,"href":"https:\/\/chosowa.pl\/ru\/wp-json\/wp\/v2\/tags?post=6377"}],"curies":[{"name":"wp","href":"https:\/\/api.w.org\/{rel}","templated":true}]}}