{"id":4491,"date":"2020-08-06T16:20:10","date_gmt":"2020-08-06T14:20:10","guid":{"rendered":"https:\/\/chosowa.pl\/?p=4491"},"modified":"2020-08-06T16:20:10","modified_gmt":"2020-08-06T14:20:10","slug":"nowy-rok-szkolny-z-ch-osowa","status":"publish","type":"post","link":"https:\/\/chosowa.pl\/ru\/wydarzenia\/nowy-rok-szkolny-z-ch-osowa\/","title":{"rendered":"Nowy rok szkolny z CH Osowa"},"content":{"rendered":"<p>Ju\u017c wkr\u00f3tce rozpocznie si\u0119 nowy rok szkolny. Zach\u0119camy do wykorzystania ostatnich tygodni przed rozpocz\u0119ciem nauki na przygotowanie si\u0119 do kolejnych etap\u00f3w edukacji. W naszym centrum zrobicie bezpieczne zakupy \u2013 stosujemy wszystkie niezb\u0119dne \u015brodki bezpiecze\u0144stwa i dezynfekcji na terenie CH Osowa, aby\u015bcie mogli czu\u0107 si\u0119 bezpiecznie.<\/p>\n<p>Na pocz\u0105tek roku szkolnego bez wzgl\u0119du na miejsce nauki \u2013 w domu czy w szkole \u2013 ka\u017cdemu uczniowi przydadz\u0105 si\u0119 odpowiednie przybory do pisania i rysowania czy ok\u0142adki na ksi\u0105\u017cki i zeszyty. Wszystkie te akcesoria znajdziecie w naszym hipermarkecie Auchan z ofert\u0105 dla ma\u0142ych naukowc\u00f3w, jak i pocz\u0105tkuj\u0105cych artyst\u00f3w. Niew\u0105tpliw\u0105 gratk\u0105 dla najm\u0142odszych uczni\u00f3w s\u0105 pi\u00f3rniki i plecaki z ksi\u0119\u017cniczkami, czy superbohaterami \u2013 nauka od razu staje si\u0119 przyjemniejsza ! Tornistry znajdziecie tak\u017ce w Go Sport, kt\u00f3ry proponuje tak\u017ce bardziej casualowe wzory i uniwersalne kolory, odpowiednie dla bardziej wymagaj\u0105cych.<br \/>\nR\u00f3wnie\u017c ksi\u0119garnia \u015awiat Ksi\u0105\u017cki, opr\u00f3cz literatury, przygotowa\u0142a stylowe dodatki, jak efektowne zak\u0142adki do ksi\u0105\u017cek i bajkowe przybory do pisania z ulubionymi postaciami z film\u00f3w i bajek. Oczywi\u015bcie nie pomijamy tak\u017ce nastoletnich student\u00f3w \u2013 w naszych sklepach znajd\u0105 oni tak\u017ce designerskie akcesoria, aby m\u00f3c modnie rozpocz\u0105\u0107 kolejny rok nauki.<\/p>\n<p>W ostatnich miesi\u0105cach znaczenie komputer\u00f3w w domu znacznie wzros\u0142o, gdy\u017c sta\u0142y si\u0119 podstawowym narz\u0119dziem do nauki. Dzi\u0119ki nim dzieci swobodnie mog\u0142y kontynuowa\u0107 nauk\u0119 zdaln\u0105. Szerok\u0105 gam\u0119 sprz\u0119tu dla uczni\u00f3w, ultralekkich laptop\u00f3w i akcesori\u00f3w komputerowych znajdziecie w naszym sklepie RTV Euro AGD \u2013 doradcy z pewno\u015bci\u0105 pomog\u0105 dobra\u0107 najlepsze urz\u0105dzenia i do nauki, ale i do odpoczynku \u2013 p\u0142yty czy dobry sprz\u0119t audio do s\u0142uchania muzyki i audiobook\u00f3w.<\/p>\n<p>Aby uprzyjemni\u0107 prac\u0119 w domu, mo\u017ce warto pomy\u015ble\u0107 tak\u017ce o od\u015bwie\u017ceniu przestrzeni w pokoju swojego dziecka? Z pomys\u0142ami przychodz\u0105 sklepy Meblik oraz Jysk z ofert\u0105 wyposa\u017cenia pokoi dzieci\u0119cych. Bez wzgl\u0119du, czy do nauki, czy do odpoczynku po ci\u0119\u017ckim dniu w szkole \u2013 nowe meble mog\u0105 wp\u0142yn\u0105\u0107 na kreatywno\u015b\u0107, spok\u00f3j i poczucie bezpiecze\u0144stwa naszych dzieci, a odpowiednio dobrane biurko i krzes\u0142o w zachowaniu prawid\u0142owej postawy podczas pracy.<\/p>\n<p>Nie zapomnijcie tak\u017ce o odpowiednich ubraniach! Ze szkoln\u0105 ofert\u0105 odzie\u017cow\u0105 dla pe\u0142nych zapa\u0142u uczni\u00f3w czekaj\u0105 ju\u017c teraz na Was H&amp;M, Szachownica, Pepco, 5.10.15 oraz CCC . Opr\u00f3cz tego sportow\u0105 wyprawk\u0119 \u2013 str\u00f3j do \u0107wicze\u0144, worki na odzie\u017c, bidony na wod\u0119 czy obuwie \u2013 znajdziecie w ofercie Trygon Sport, a tak\u017ce Go Sport, kt\u00f3ry r\u00f3wnie\u017c pomo\u017ce dobra\u0107 odpowiedni sprz\u0119t do \u0107wicze\u0144 na powietrzu i w domu.<\/p>\n<p>Zapraszamy do naszego centrum na prawdziwe, wyprawkowe zakupy \u2013 do zobaczenia!<\/p>\n","protected":false},"excerpt":{"rendered":"<p>Ju\u017c wkr\u00f3tce rozpocznie si\u0119 nowy rok szkolny. Zach\u0119camy do wykorzystania ostatnich tygodni przed rozpocz\u0119ciem nauki na przygotowanie si\u0119 do kolejnych etap\u00f3w edukacji. W naszym centrum zrobicie bezpieczne zakupy \u2013 stosujemy [&hellip;]<\/p>\n","protected":false},"author":1,"featured_media":0,"comment_status":"closed","ping_status":"closed","sticky":false,"template":"","format":"standard","meta":{"_acf_changed":false,"footnotes":""},"categories":[15],"tags":[],"class_list":["post-4491","post","type-post","status-publish","format-standard","hentry","category-wydarzenia"],"acf":[],"yoast_head":"<!-- This site is optimized with the Yoast SEO plugin v23.6 - https:\/\/yoast.com\/wordpress\/plugins\/seo\/ -->\n<title>Nowy rok szkolny z CH Osowa - Osowa<\/title>\n<meta name=\"robots\" content=\"index, follow, max-snippet:-1, max-image-preview:large, max-video-preview:-1\" \/>\n<link rel=\"canonical\" href=\"https:\/\/chosowa.pl\/wydarzenia\/nowy-rok-szkolny-z-ch-osowa\/\" \/>\n<meta property=\"og:locale\" content=\"ru_RU\" \/>\n<meta property=\"og:type\" content=\"article\" \/>\n<meta property=\"og:title\" content=\"Nowy rok szkolny z CH Osowa - Osowa\" \/>\n<meta property=\"og:description\" content=\"Ju\u017c wkr\u00f3tce rozpocznie si\u0119 nowy rok szkolny. Zach\u0119camy do wykorzystania ostatnich tygodni przed rozpocz\u0119ciem nauki na przygotowanie si\u0119 do kolejnych etap\u00f3w edukacji. W naszym centrum zrobicie bezpieczne zakupy \u2013 stosujemy [&hellip;]\" \/>\n<meta property=\"og:url\" content=\"https:\/\/chosowa.pl\/wydarzenia\/nowy-rok-szkolny-z-ch-osowa\/\" \/>\n<meta property=\"og:site_name\" content=\"Osowa\" \/>\n<meta property=\"article:publisher\" content=\"https:\/\/www.facebook.com\/CHOsowa\" \/>\n<meta property=\"article:published_time\" content=\"2020-08-06T14:20:10+00:00\" \/>\n<meta property=\"og:image\" content=\"https:\/\/chosowa.pl\/wp-content\/uploads\/2019\/10\/open_graph_chosowa.jpg\" \/>\n\t<meta property=\"og:image:width\" content=\"1200\" \/>\n\t<meta property=\"og:image:height\" content=\"630\" \/>\n\t<meta property=\"og:image:type\" content=\"image\/jpeg\" \/>\n<meta name=\"author\" content=\"aadmin\" \/>\n<meta name=\"twitter:card\" content=\"summary_large_image\" \/>\n<meta name=\"twitter:label1\" content=\"\u041d\u0430\u043f\u0438\u0441\u0430\u043d\u043e \u0430\u0432\u0442\u043e\u0440\u043e\u043c\" \/>\n\t<meta name=\"twitter:data1\" content=\"aadmin\" \/>\n\t<meta name=\"twitter:label2\" content=\"\u041f\u0440\u0438\u043c\u0435\u0440\u043d\u043e\u0435 \u0432\u0440\u0435\u043c\u044f \u0434\u043b\u044f \u0447\u0442\u0435\u043d\u0438\u044f\" \/>\n\t<meta name=\"twitter:data2\" content=\"2 \u043c\u0438\u043d\u0443\u0442\u044b\" \/>\n<script type=\"application\/ld+json\" class=\"yoast-schema-graph\">{\"@context\":\"https:\/\/schema.org\",\"@graph\":[{\"@type\":\"WebPage\",\"@id\":\"https:\/\/chosowa.pl\/wydarzenia\/nowy-rok-szkolny-z-ch-osowa\/\",\"url\":\"https:\/\/chosowa.pl\/wydarzenia\/nowy-rok-szkolny-z-ch-osowa\/\",\"name\":\"Nowy rok szkolny z CH Osowa - Osowa\",\"isPartOf\":{\"@id\":\"https:\/\/chosowa.pl\/ru\/#website\"},\"datePublished\":\"2020-08-06T14:20:10+00:00\",\"dateModified\":\"2020-08-06T14:20:10+00:00\",\"author\":{\"@id\":\"https:\/\/chosowa.pl\/ru\/#\/schema\/person\/15445b51bd45e4d72c2794a45adeb220\"},\"breadcrumb\":{\"@id\":\"https:\/\/chosowa.pl\/wydarzenia\/nowy-rok-szkolny-z-ch-osowa\/#breadcrumb\"},\"inLanguage\":\"ru-RU\",\"potentialAction\":[{\"@type\":\"ReadAction\",\"target\":[\"https:\/\/chosowa.pl\/wydarzenia\/nowy-rok-szkolny-z-ch-osowa\/\"]}]},{\"@type\":\"BreadcrumbList\",\"@id\":\"https:\/\/chosowa.pl\/wydarzenia\/nowy-rok-szkolny-z-ch-osowa\/#breadcrumb\",\"itemListElement\":[{\"@type\":\"ListItem\",\"position\":1,\"name\":\"\u0434\u043e\u043c\u0430\",\"item\":\"https:\/\/chosowa.pl\/ru\/\"},{\"@type\":\"ListItem\",\"position\":2,\"name\":\"Wydarzenia\",\"item\":\"https:\/\/chosowa.pl\/.\/wydarzenia\/\"},{\"@type\":\"ListItem\",\"position\":3,\"name\":\"Nowy rok szkolny z&nbsp;CH Osowa\"}]},{\"@type\":\"WebSite\",\"@id\":\"https:\/\/chosowa.pl\/ru\/#website\",\"url\":\"https:\/\/chosowa.pl\/ru\/\",\"name\":\"Osowa\",\"description\":\"Centrum Handlowe Osowa\",\"potentialAction\":[{\"@type\":\"SearchAction\",\"target\":{\"@type\":\"EntryPoint\",\"urlTemplate\":\"https:\/\/chosowa.pl\/ru\/?s={search_term_string}\"},\"query-input\":{\"@type\":\"PropertyValueSpecification\",\"valueRequired\":true,\"valueName\":\"search_term_string\"}}],\"inLanguage\":\"ru-RU\"},{\"@type\":\"Person\",\"@id\":\"https:\/\/chosowa.pl\/ru\/#\/schema\/person\/15445b51bd45e4d72c2794a45adeb220\",\"name\":\"aadmin\"}]}<\/script>\n<!-- \/ Yoast SEO plugin. -->","yoast_head_json":{"title":"Nowy rok szkolny z CH Osowa - Osowa","robots":{"index":"index","follow":"follow","max-snippet":"max-snippet:-1","max-image-preview":"max-image-preview:large","max-video-preview":"max-video-preview:-1"},"canonical":"https:\/\/chosowa.pl\/wydarzenia\/nowy-rok-szkolny-z-ch-osowa\/","og_locale":"ru_RU","og_type":"article","og_title":"Nowy rok szkolny z CH Osowa - Osowa","og_description":"Ju\u017c wkr\u00f3tce rozpocznie si\u0119 nowy rok szkolny. Zach\u0119camy do wykorzystania ostatnich tygodni przed rozpocz\u0119ciem nauki na przygotowanie si\u0119 do kolejnych etap\u00f3w edukacji. W naszym centrum zrobicie bezpieczne zakupy \u2013 stosujemy [&hellip;]","og_url":"https:\/\/chosowa.pl\/wydarzenia\/nowy-rok-szkolny-z-ch-osowa\/","og_site_name":"Osowa","article_publisher":"https:\/\/www.facebook.com\/CHOsowa","article_published_time":"2020-08-06T14:20:10+00:00","og_image":[{"width":1200,"height":630,"url":"https:\/\/chosowa.pl\/wp-content\/uploads\/2019\/10\/open_graph_chosowa.jpg","type":"image\/jpeg"}],"author":"aadmin","twitter_card":"summary_large_image","twitter_misc":{"\u041d\u0430\u043f\u0438\u0441\u0430\u043d\u043e \u0430\u0432\u0442\u043e\u0440\u043e\u043c":"aadmin","\u041f\u0440\u0438\u043c\u0435\u0440\u043d\u043e\u0435 \u0432\u0440\u0435\u043c\u044f \u0434\u043b\u044f \u0447\u0442\u0435\u043d\u0438\u044f":"2 \u043c\u0438\u043d\u0443\u0442\u044b"},"schema":{"@context":"https:\/\/schema.org","@graph":[{"@type":"WebPage","@id":"https:\/\/chosowa.pl\/wydarzenia\/nowy-rok-szkolny-z-ch-osowa\/","url":"https:\/\/chosowa.pl\/wydarzenia\/nowy-rok-szkolny-z-ch-osowa\/","name":"Nowy rok szkolny z CH Osowa - Osowa","isPartOf":{"@id":"https:\/\/chosowa.pl\/ru\/#website"},"datePublished":"2020-08-06T14:20:10+00:00","dateModified":"2020-08-06T14:20:10+00:00","author":{"@id":"https:\/\/chosowa.pl\/ru\/#\/schema\/person\/15445b51bd45e4d72c2794a45adeb220"},"breadcrumb":{"@id":"https:\/\/chosowa.pl\/wydarzenia\/nowy-rok-szkolny-z-ch-osowa\/#breadcrumb"},"inLanguage":"ru-RU","potentialAction":[{"@type":"ReadAction","target":["https:\/\/chosowa.pl\/wydarzenia\/nowy-rok-szkolny-z-ch-osowa\/"]}]},{"@type":"BreadcrumbList","@id":"https:\/\/chosowa.pl\/wydarzenia\/nowy-rok-szkolny-z-ch-osowa\/#breadcrumb","itemListElement":[{"@type":"ListItem","position":1,"name":"\u0434\u043e\u043c\u0430","item":"https:\/\/chosowa.pl\/ru\/"},{"@type":"ListItem","position":2,"name":"Wydarzenia","item":"https:\/\/chosowa.pl\/.\/wydarzenia\/"},{"@type":"ListItem","position":3,"name":"Nowy rok szkolny z&nbsp;CH Osowa"}]},{"@type":"WebSite","@id":"https:\/\/chosowa.pl\/ru\/#website","url":"https:\/\/chosowa.pl\/ru\/","name":"Osowa","description":"Centrum Handlowe Osowa","potentialAction":[{"@type":"SearchAction","target":{"@type":"EntryPoint","urlTemplate":"https:\/\/chosowa.pl\/ru\/?s={search_term_string}"},"query-input":{"@type":"PropertyValueSpecification","valueRequired":true,"valueName":"search_term_string"}}],"inLanguage":"ru-RU"},{"@type":"Person","@id":"https:\/\/chosowa.pl\/ru\/#\/schema\/person\/15445b51bd45e4d72c2794a45adeb220","name":"aadmin"}]}},"_links":{"self":[{"href":"https:\/\/chosowa.pl\/ru\/wp-json\/wp\/v2\/posts\/4491"}],"collection":[{"href":"https:\/\/chosowa.pl\/ru\/wp-json\/wp\/v2\/posts"}],"about":[{"href":"https:\/\/chosowa.pl\/ru\/wp-json\/wp\/v2\/types\/post"}],"author":[{"embeddable":true,"href":"https:\/\/chosowa.pl\/ru\/wp-json\/wp\/v2\/users\/1"}],"replies":[{"embeddable":true,"href":"https:\/\/chosowa.pl\/ru\/wp-json\/wp\/v2\/comments?post=4491"}],"version-history":[{"count":0,"href":"https:\/\/chosowa.pl\/ru\/wp-json\/wp\/v2\/posts\/4491\/revisions"}],"wp:attachment":[{"href":"https:\/\/chosowa.pl\/ru\/wp-json\/wp\/v2\/media?parent=4491"}],"wp:term":[{"taxonomy":"category","embeddable":true,"href":"https:\/\/chosowa.pl\/ru\/wp-json\/wp\/v2\/categories?post=4491"},{"taxonomy":"post_tag","embeddable":true,"href":"https:\/\/chosowa.pl\/ru\/wp-json\/wp\/v2\/tags?post=4491"}],"curies":[{"name":"wp","href":"https:\/\/api.w.org\/{rel}","templated":true}]}}