{"id":2353,"date":"2019-06-28T11:09:39","date_gmt":"2019-06-28T09:09:39","guid":{"rendered":"https:\/\/chosowa.pl\/?p=2353"},"modified":"2019-10-04T11:12:00","modified_gmt":"2019-10-04T09:12:00","slug":"zapraszamy-do-nowego-wiekszego-lokalu","status":"publish","type":"post","link":"https:\/\/chosowa.pl\/ru\/wydarzenia\/zapraszamy-do-nowego-wiekszego-lokalu\/","title":{"rendered":"Zapraszamy do nowego wi\u0119kszego lokalu"},"content":{"rendered":"<p>Szanowni Klienci,<\/p>\n<p>Z przyjemno\u015bci\u0105 informujemy, \u017ce salon Meblik zmieni\u0142 lokalizacj\u0119! Na nowej, zwi\u0119kszonej powierzchni znajdziecie wi\u0119cej interesuj\u0105cych mebli i aran\u017cacji. W\u015br\u00f3d nich pojawi\u0142a si\u0119 tak\u017ce, dost\u0119pna wy\u0142\u0105cznie w salonach firmowych linia modu\u0142owa MODE.<\/p>\n<p>Meblik to polska firma produkuj\u0105ca wyj\u0105tkowe, solidne i bezpieczne meble dla dzieci i m\u0142odzie\u017cy. Co wyr\u00f3\u017cnia firm\u0119 Meblik? Firma Meblik zosta\u0142a za\u0142o\u017cona lata temu przez rodzic\u00f3w ma\u0142ych brzd\u0105c\u00f3w, kt\u00f3rzy do dzi\u015b na pierwszym miejscu stawiaj\u0105 ich bezpiecze\u0144stwo. Ka\u017cdy mebel jest wykonany z ogromn\u0105 staranno\u015bci\u0105 i dba\u0142o\u015bci\u0105 nawet o najmniejsze szczeg\u00f3\u0142y. Zosta\u0142 te\u017c przebadany pod wzgl\u0119dem bezpiecze\u0144stwa i odpowiada rygorystycznym normom stawianym produktom dla dzieci przez Uni\u0119 Europejsk\u0105. Dodatkowo, Meblik posiada w\u0142asn\u0105 ekip\u0119 monta\u017cow\u0105, kt\u00f3ra pracuje rzetelnie i sprawnie.<\/p>\n<p>Zapraszamy do nowego sklepu, zlokalizowanego przy salonie Sephora.<\/p>\n","protected":false},"excerpt":{"rendered":"<p>Szanowni Klienci, Z przyjemno\u015bci\u0105 informujemy, \u017ce salon Meblik zmieni\u0142 lokalizacj\u0119! Na nowej, zwi\u0119kszonej powierzchni znajdziecie wi\u0119cej interesuj\u0105cych mebli i aran\u017cacji. W\u015br\u00f3d nich pojawi\u0142a si\u0119 tak\u017ce, dost\u0119pna wy\u0142\u0105cznie w salonach firmowych [&hellip;]<\/p>\n","protected":false},"author":1,"featured_media":0,"comment_status":"closed","ping_status":"closed","sticky":false,"template":"","format":"standard","meta":{"_acf_changed":false,"footnotes":""},"categories":[15],"tags":[],"class_list":["post-2353","post","type-post","status-publish","format-standard","hentry","category-wydarzenia"],"acf":[],"yoast_head":"<!-- This site is optimized with the Yoast SEO plugin v23.6 - https:\/\/yoast.com\/wordpress\/plugins\/seo\/ -->\n<title>Zapraszamy do nowego wi\u0119kszego lokalu - Osowa<\/title>\n<meta name=\"robots\" content=\"index, follow, max-snippet:-1, max-image-preview:large, max-video-preview:-1\" \/>\n<link rel=\"canonical\" href=\"https:\/\/chosowa.pl\/wydarzenia\/zapraszamy-do-nowego-wiekszego-lokalu\/\" \/>\n<meta property=\"og:locale\" content=\"ru_RU\" \/>\n<meta property=\"og:type\" content=\"article\" \/>\n<meta property=\"og:title\" content=\"Zapraszamy do nowego wi\u0119kszego lokalu - Osowa\" \/>\n<meta property=\"og:description\" content=\"Szanowni Klienci, Z przyjemno\u015bci\u0105 informujemy, \u017ce salon Meblik zmieni\u0142 lokalizacj\u0119! Na nowej, zwi\u0119kszonej powierzchni znajdziecie wi\u0119cej interesuj\u0105cych mebli i aran\u017cacji. W\u015br\u00f3d nich pojawi\u0142a si\u0119 tak\u017ce, dost\u0119pna wy\u0142\u0105cznie w salonach firmowych [&hellip;]\" \/>\n<meta property=\"og:url\" content=\"https:\/\/chosowa.pl\/wydarzenia\/zapraszamy-do-nowego-wiekszego-lokalu\/\" \/>\n<meta property=\"og:site_name\" content=\"Osowa\" \/>\n<meta property=\"article:publisher\" content=\"https:\/\/www.facebook.com\/CHOsowa\" \/>\n<meta property=\"article:published_time\" content=\"2019-06-28T09:09:39+00:00\" \/>\n<meta property=\"article:modified_time\" content=\"2019-10-04T09:12:00+00:00\" \/>\n<meta property=\"og:image\" content=\"https:\/\/chosowa.pl\/wp-content\/uploads\/2019\/10\/open_graph_chosowa.jpg\" \/>\n\t<meta property=\"og:image:width\" content=\"1200\" \/>\n\t<meta property=\"og:image:height\" content=\"630\" \/>\n\t<meta property=\"og:image:type\" content=\"image\/jpeg\" \/>\n<meta name=\"author\" content=\"aadmin\" \/>\n<meta name=\"twitter:card\" content=\"summary_large_image\" \/>\n<meta name=\"twitter:label1\" content=\"\u041d\u0430\u043f\u0438\u0441\u0430\u043d\u043e \u0430\u0432\u0442\u043e\u0440\u043e\u043c\" \/>\n\t<meta name=\"twitter:data1\" content=\"aadmin\" \/>\n\t<meta name=\"twitter:label2\" content=\"\u041f\u0440\u0438\u043c\u0435\u0440\u043d\u043e\u0435 \u0432\u0440\u0435\u043c\u044f \u0434\u043b\u044f \u0447\u0442\u0435\u043d\u0438\u044f\" \/>\n\t<meta name=\"twitter:data2\" content=\"1 \u043c\u0438\u043d\u0443\u0442\u0430\" \/>\n<script type=\"application\/ld+json\" class=\"yoast-schema-graph\">{\"@context\":\"https:\/\/schema.org\",\"@graph\":[{\"@type\":\"WebPage\",\"@id\":\"https:\/\/chosowa.pl\/wydarzenia\/zapraszamy-do-nowego-wiekszego-lokalu\/\",\"url\":\"https:\/\/chosowa.pl\/wydarzenia\/zapraszamy-do-nowego-wiekszego-lokalu\/\",\"name\":\"Zapraszamy do nowego wi\u0119kszego lokalu - Osowa\",\"isPartOf\":{\"@id\":\"https:\/\/chosowa.pl\/ru\/#website\"},\"datePublished\":\"2019-06-28T09:09:39+00:00\",\"dateModified\":\"2019-10-04T09:12:00+00:00\",\"author\":{\"@id\":\"https:\/\/chosowa.pl\/ru\/#\/schema\/person\/15445b51bd45e4d72c2794a45adeb220\"},\"breadcrumb\":{\"@id\":\"https:\/\/chosowa.pl\/wydarzenia\/zapraszamy-do-nowego-wiekszego-lokalu\/#breadcrumb\"},\"inLanguage\":\"ru-RU\",\"potentialAction\":[{\"@type\":\"ReadAction\",\"target\":[\"https:\/\/chosowa.pl\/wydarzenia\/zapraszamy-do-nowego-wiekszego-lokalu\/\"]}]},{\"@type\":\"BreadcrumbList\",\"@id\":\"https:\/\/chosowa.pl\/wydarzenia\/zapraszamy-do-nowego-wiekszego-lokalu\/#breadcrumb\",\"itemListElement\":[{\"@type\":\"ListItem\",\"position\":1,\"name\":\"\u0434\u043e\u043c\u0430\",\"item\":\"https:\/\/chosowa.pl\/ru\/\"},{\"@type\":\"ListItem\",\"position\":2,\"name\":\"Wydarzenia\",\"item\":\"https:\/\/chosowa.pl\/.\/wydarzenia\/\"},{\"@type\":\"ListItem\",\"position\":3,\"name\":\"Zapraszamy do&nbsp;nowego wi\u0119kszego lokalu\"}]},{\"@type\":\"WebSite\",\"@id\":\"https:\/\/chosowa.pl\/ru\/#website\",\"url\":\"https:\/\/chosowa.pl\/ru\/\",\"name\":\"Osowa\",\"description\":\"Centrum Handlowe Osowa\",\"potentialAction\":[{\"@type\":\"SearchAction\",\"target\":{\"@type\":\"EntryPoint\",\"urlTemplate\":\"https:\/\/chosowa.pl\/ru\/?s={search_term_string}\"},\"query-input\":{\"@type\":\"PropertyValueSpecification\",\"valueRequired\":true,\"valueName\":\"search_term_string\"}}],\"inLanguage\":\"ru-RU\"},{\"@type\":\"Person\",\"@id\":\"https:\/\/chosowa.pl\/ru\/#\/schema\/person\/15445b51bd45e4d72c2794a45adeb220\",\"name\":\"aadmin\"}]}<\/script>\n<!-- \/ Yoast SEO plugin. -->","yoast_head_json":{"title":"Zapraszamy do nowego wi\u0119kszego lokalu - Osowa","robots":{"index":"index","follow":"follow","max-snippet":"max-snippet:-1","max-image-preview":"max-image-preview:large","max-video-preview":"max-video-preview:-1"},"canonical":"https:\/\/chosowa.pl\/wydarzenia\/zapraszamy-do-nowego-wiekszego-lokalu\/","og_locale":"ru_RU","og_type":"article","og_title":"Zapraszamy do nowego wi\u0119kszego lokalu - Osowa","og_description":"Szanowni Klienci, Z przyjemno\u015bci\u0105 informujemy, \u017ce salon Meblik zmieni\u0142 lokalizacj\u0119! Na nowej, zwi\u0119kszonej powierzchni znajdziecie wi\u0119cej interesuj\u0105cych mebli i aran\u017cacji. W\u015br\u00f3d nich pojawi\u0142a si\u0119 tak\u017ce, dost\u0119pna wy\u0142\u0105cznie w salonach firmowych [&hellip;]","og_url":"https:\/\/chosowa.pl\/wydarzenia\/zapraszamy-do-nowego-wiekszego-lokalu\/","og_site_name":"Osowa","article_publisher":"https:\/\/www.facebook.com\/CHOsowa","article_published_time":"2019-06-28T09:09:39+00:00","article_modified_time":"2019-10-04T09:12:00+00:00","og_image":[{"width":1200,"height":630,"url":"https:\/\/chosowa.pl\/wp-content\/uploads\/2019\/10\/open_graph_chosowa.jpg","type":"image\/jpeg"}],"author":"aadmin","twitter_card":"summary_large_image","twitter_misc":{"\u041d\u0430\u043f\u0438\u0441\u0430\u043d\u043e \u0430\u0432\u0442\u043e\u0440\u043e\u043c":"aadmin","\u041f\u0440\u0438\u043c\u0435\u0440\u043d\u043e\u0435 \u0432\u0440\u0435\u043c\u044f \u0434\u043b\u044f \u0447\u0442\u0435\u043d\u0438\u044f":"1 \u043c\u0438\u043d\u0443\u0442\u0430"},"schema":{"@context":"https:\/\/schema.org","@graph":[{"@type":"WebPage","@id":"https:\/\/chosowa.pl\/wydarzenia\/zapraszamy-do-nowego-wiekszego-lokalu\/","url":"https:\/\/chosowa.pl\/wydarzenia\/zapraszamy-do-nowego-wiekszego-lokalu\/","name":"Zapraszamy do nowego wi\u0119kszego lokalu - Osowa","isPartOf":{"@id":"https:\/\/chosowa.pl\/ru\/#website"},"datePublished":"2019-06-28T09:09:39+00:00","dateModified":"2019-10-04T09:12:00+00:00","author":{"@id":"https:\/\/chosowa.pl\/ru\/#\/schema\/person\/15445b51bd45e4d72c2794a45adeb220"},"breadcrumb":{"@id":"https:\/\/chosowa.pl\/wydarzenia\/zapraszamy-do-nowego-wiekszego-lokalu\/#breadcrumb"},"inLanguage":"ru-RU","potentialAction":[{"@type":"ReadAction","target":["https:\/\/chosowa.pl\/wydarzenia\/zapraszamy-do-nowego-wiekszego-lokalu\/"]}]},{"@type":"BreadcrumbList","@id":"https:\/\/chosowa.pl\/wydarzenia\/zapraszamy-do-nowego-wiekszego-lokalu\/#breadcrumb","itemListElement":[{"@type":"ListItem","position":1,"name":"\u0434\u043e\u043c\u0430","item":"https:\/\/chosowa.pl\/ru\/"},{"@type":"ListItem","position":2,"name":"Wydarzenia","item":"https:\/\/chosowa.pl\/.\/wydarzenia\/"},{"@type":"ListItem","position":3,"name":"Zapraszamy do&nbsp;nowego wi\u0119kszego lokalu"}]},{"@type":"WebSite","@id":"https:\/\/chosowa.pl\/ru\/#website","url":"https:\/\/chosowa.pl\/ru\/","name":"Osowa","description":"Centrum Handlowe Osowa","potentialAction":[{"@type":"SearchAction","target":{"@type":"EntryPoint","urlTemplate":"https:\/\/chosowa.pl\/ru\/?s={search_term_string}"},"query-input":{"@type":"PropertyValueSpecification","valueRequired":true,"valueName":"search_term_string"}}],"inLanguage":"ru-RU"},{"@type":"Person","@id":"https:\/\/chosowa.pl\/ru\/#\/schema\/person\/15445b51bd45e4d72c2794a45adeb220","name":"aadmin"}]}},"_links":{"self":[{"href":"https:\/\/chosowa.pl\/ru\/wp-json\/wp\/v2\/posts\/2353"}],"collection":[{"href":"https:\/\/chosowa.pl\/ru\/wp-json\/wp\/v2\/posts"}],"about":[{"href":"https:\/\/chosowa.pl\/ru\/wp-json\/wp\/v2\/types\/post"}],"author":[{"embeddable":true,"href":"https:\/\/chosowa.pl\/ru\/wp-json\/wp\/v2\/users\/1"}],"replies":[{"embeddable":true,"href":"https:\/\/chosowa.pl\/ru\/wp-json\/wp\/v2\/comments?post=2353"}],"version-history":[{"count":0,"href":"https:\/\/chosowa.pl\/ru\/wp-json\/wp\/v2\/posts\/2353\/revisions"}],"wp:attachment":[{"href":"https:\/\/chosowa.pl\/ru\/wp-json\/wp\/v2\/media?parent=2353"}],"wp:term":[{"taxonomy":"category","embeddable":true,"href":"https:\/\/chosowa.pl\/ru\/wp-json\/wp\/v2\/categories?post=2353"},{"taxonomy":"post_tag","embeddable":true,"href":"https:\/\/chosowa.pl\/ru\/wp-json\/wp\/v2\/tags?post=2353"}],"curies":[{"name":"wp","href":"https:\/\/api.w.org\/{rel}","templated":true}]}}