{"id":2285,"date":"2019-05-07T10:41:26","date_gmt":"2019-05-07T08:41:26","guid":{"rendered":"https:\/\/chosowa.pl\/?p=2285"},"modified":"2019-10-04T10:44:59","modified_gmt":"2019-10-04T08:44:59","slug":"moda-na-rower-w-ch-osowa","status":"publish","type":"post","link":"https:\/\/chosowa.pl\/ru\/wydarzenia\/moda-na-rower-w-ch-osowa\/","title":{"rendered":"Moda na rower w CH Osowa"},"content":{"rendered":"<p>Ju\u017c 18 maja CH Osowa zaprasza wszystkich mi\u0142o\u015bnik\u00f3w jedno\u015blad\u00f3w na wydarzenie \u201eModa na rower\u201d. Podczas eventu odb\u0119dzie si\u0119 <strong>Osowa Dzieci\u0119cy Maraton Rowerowy<\/strong>, w kt\u00f3rym mog\u0105 wzi\u0105\u0107 udzia\u0142 m\u0142odzi rowerzy\u015bci do lat 10, wcze\u015bniej zg\u0142oszeni mailowo. Dzieciaki b\u0119d\u0105 mog\u0142y skorzysta\u0107 tak\u017ce z mobilnego miasteczka ruchu drogowego, gdzie b\u0119dzie mo\u017cna zapozna\u0107 si\u0119 ze znakami drogowymi i przejecha\u0107 po specjalne zbudowanym w tym celu skrzy\u017cowaniu. Dla starszych mi\u0142o\u015bnik\u00f3w jedno\u015blad\u00f3w sklep Szprychy.com przygotowa\u0142 bezp\u0142atny serwis rowerowy. W programie r\u00f3wnie\u017c porady fizjoterapeuty, podczas kt\u00f3rych ka\u017cdy uczestnik b\u0119dzie m\u00f3g\u0142 skonsultowa\u0107 i dopasowa\u0107 ustawienie roweru do swojej postawy oraz dowiedzie\u0107 si\u0119 jak reagowa\u0107 w przypadku skurczy podczas trening\u00f3w czy kontuzji.<\/p>\n<p>Go\u015bciem specjalnym wydarzenia \u201eModa na rower\u201d b\u0119dzie <strong>Micha\u0142 Bogdziewicz<\/strong> &#8212; wielokrotny Mistrz Polski w MTB, kt\u00f3ry kolarstwo ma we krwi. Setki start\u00f3w w zawodach, tysi\u0105ce kilometr\u00f3w na rowerze pozwoli\u0142y mu na zdobycie ogromnego do\u015bwiadczenia i poznania tajnik\u00f3w treningowych niezb\u0119dnych do odnoszenia sukces\u00f3w, kt\u00f3rymi ch\u0119tnie podzieli si\u0119 z uczestnikami wydarzenia. Micha\u0142 Bogdziewicz poprowadzi m.in. rozgrzewk\u0119 dla najm\u0142odszych rowerzyst\u00f3w przed startem maratonu.<\/p>\n<p>Dodatkowo ka\u017cdy uczestnik dzi\u0119ki sile w\u0142asnych mi\u0119\u015bni b\u0119dzie m\u00f3g\u0142 stworzy\u0107 indywidualny koktajl (Blender Bike), a dla najm\u0142odszych zaplanowali\u015bmy mn\u00f3stwo atrakcji &#8212; malowanie buziek, ba\u0144ki, wata cukrowa, warsztaty cyrkowe, gry i zabawy ruchowe.<\/p>\n<p>Podczas wydarzenia b\u0119dzie r\u00f3wnie\u017c mo\u017cna zapozna\u0107 si\u0119 z bogat\u0105 ofert\u0105 sklep\u00f3w sportowych Go Sport i Szprychy.com oraz skorzysta\u0107 z rabat\u00f3w przygotowanych przez r\u00f3\u017cne punkty handlowe i us\u0142ugowe. Odb\u0119d\u0105 si\u0119 r\u00f3wnie\u017c konkursy, a w nich do wygrania atrakcyjne akcesoria rowerowe. Dla uczestnik\u00f3w przygotowali\u015bmy r\u00f3wnie\u017c opaski odblaskowe.<\/p>\n<p><strong>PROGRAM \u201eModa na rower\u201d<\/strong><br \/>\n10:00 powitanie<br \/>\n10:00 &#8212; 11:30 &#8212; rejestracja do Osowa Dzieci\u0119cy Maraton Rowerowy (odbi\u00f3r numerk\u00f3w)<br \/>\n10:30 &#8212; 10:50 &#8212; prelekcja fizjoterapeuty<br \/>\n11: 00 &#8212; 11:20 &#8212; wyk\u0142ad Micha\u0142a Bogdziewicza<br \/>\n11: 30 &#8212; 11:45 &#8212; rozgrzewka z Micha\u0142em Bogdziewiczem dla dzieci uczestnicz\u0105cych w maratonie<br \/>\n12:00 &#8212; 14:00 &#8212; Osowa Dzieci\u0119cy Maraton Rowerowy<br \/>\n14:30 &#8212; 15:00 &#8212; Dekoracja i wr\u0119czenie nagr\u00f3d<br \/>\n16:00 &#8212; zako\u0144czenie serii konkurs\u00f3w<br \/>\n18:00 &#8212; zako\u0144czenie eventu<\/p>\n<p>12:00 \u2013 14:00 \u2013 Osowa Dzieci\u0119cy Maraton Rowerowy (ok. 200m)<br \/>\n12:00 &#8212; 12:15 &#8212; grupa 0 &#8212; rowerki biegowe do 5 lat<br \/>\n12:15 &#8212; 12:30 &#8212; grupa I &#8212; do rocznik 2013<br \/>\n12:30 &#8212; 12:45 &#8212; grupa II &#8212; rocznik 2012 &#8212; 2011<br \/>\n12:45 &#8212; 13:00 &#8212; grupa III &#8212; rocznik 2010 &#8212; 2009<br \/>\n13:00 &#8212; 14:00 &#8212; Fina\u0142y<\/p>\n<p>Jak wzi\u0105\u0107 udzia\u0142 w \u201eOSOWA Dzieci\u0119cy Maraton Rowerowy\u201d?<br \/>\nWy\u015blij zg\u0142oszenie na maila: <a href=\"mailto:modanarower@publicon.pl\">modanarower@publicon.pl<\/a> (imi\u0119, nazwisko i wiek)<\/p>\n<p>Na &#171;OSOWA Dzieci\u0119cy Maraton Rowerowy&#187; mo\u017cna si\u0119 b\u0119dzie zapisa\u0107 r\u00f3wnie\u017c w dniach 16 &#8212; 17 maja w CH Osowa u hostessy w godzinach od 15:00 -19:00.<br \/>\nJak r\u00f3wnie\u017c w dniu eventu na stoisku Organizatora.<\/p>\n<p>Zapraszamy od 10:00 &#8212; 18:00, CH Osowa, parking przy galerii<br \/>\nPatron medialny wydarzenia: Radio Kaszebe<\/p>\n<p><a href=\"https:\/\/chosowa.pl\/wp-content\/uploads\/2019\/10\/regulaminroweryosowa_17052019.pdf\" target=\"_blank\" rel=\"noopener noreferrer\">REGULAMIN<\/a><\/p>\n","protected":false},"excerpt":{"rendered":"<p>Ju\u017c 18 maja CH Osowa zaprasza wszystkich mi\u0142o\u015bnik\u00f3w jedno\u015blad\u00f3w na wydarzenie \u201eModa na rower\u201d. Podczas eventu odb\u0119dzie si\u0119 Osowa Dzieci\u0119cy Maraton Rowerowy, w kt\u00f3rym mog\u0105 wzi\u0105\u0107 udzia\u0142 m\u0142odzi rowerzy\u015bci do [&hellip;]<\/p>\n","protected":false},"author":1,"featured_media":0,"comment_status":"closed","ping_status":"closed","sticky":false,"template":"","format":"standard","meta":{"_acf_changed":false,"footnotes":""},"categories":[15],"tags":[],"class_list":["post-2285","post","type-post","status-publish","format-standard","hentry","category-wydarzenia"],"acf":[],"yoast_head":"<!-- This site is optimized with the Yoast SEO plugin v23.6 - https:\/\/yoast.com\/wordpress\/plugins\/seo\/ -->\n<title>Moda na rower w CH Osowa - Osowa<\/title>\n<meta name=\"robots\" content=\"index, follow, max-snippet:-1, max-image-preview:large, max-video-preview:-1\" \/>\n<link rel=\"canonical\" href=\"https:\/\/chosowa.pl\/wydarzenia\/moda-na-rower-w-ch-osowa\/\" \/>\n<meta property=\"og:locale\" content=\"ru_RU\" \/>\n<meta property=\"og:type\" content=\"article\" \/>\n<meta property=\"og:title\" content=\"Moda na rower w CH Osowa - Osowa\" \/>\n<meta property=\"og:description\" content=\"Ju\u017c 18 maja CH Osowa zaprasza wszystkich mi\u0142o\u015bnik\u00f3w jedno\u015blad\u00f3w na wydarzenie \u201eModa na rower\u201d. Podczas eventu odb\u0119dzie si\u0119 Osowa Dzieci\u0119cy Maraton Rowerowy, w kt\u00f3rym mog\u0105 wzi\u0105\u0107 udzia\u0142 m\u0142odzi rowerzy\u015bci do [&hellip;]\" \/>\n<meta property=\"og:url\" content=\"https:\/\/chosowa.pl\/wydarzenia\/moda-na-rower-w-ch-osowa\/\" \/>\n<meta property=\"og:site_name\" content=\"Osowa\" \/>\n<meta property=\"article:publisher\" content=\"https:\/\/www.facebook.com\/CHOsowa\" \/>\n<meta property=\"article:published_time\" content=\"2019-05-07T08:41:26+00:00\" \/>\n<meta property=\"article:modified_time\" content=\"2019-10-04T08:44:59+00:00\" \/>\n<meta property=\"og:image\" content=\"https:\/\/chosowa.pl\/wp-content\/uploads\/2019\/10\/open_graph_chosowa.jpg\" \/>\n\t<meta property=\"og:image:width\" content=\"1200\" \/>\n\t<meta property=\"og:image:height\" content=\"630\" \/>\n\t<meta property=\"og:image:type\" content=\"image\/jpeg\" \/>\n<meta name=\"author\" content=\"aadmin\" \/>\n<meta name=\"twitter:card\" content=\"summary_large_image\" \/>\n<meta name=\"twitter:label1\" content=\"\u041d\u0430\u043f\u0438\u0441\u0430\u043d\u043e \u0430\u0432\u0442\u043e\u0440\u043e\u043c\" \/>\n\t<meta name=\"twitter:data1\" content=\"aadmin\" \/>\n\t<meta name=\"twitter:label2\" content=\"\u041f\u0440\u0438\u043c\u0435\u0440\u043d\u043e\u0435 \u0432\u0440\u0435\u043c\u044f \u0434\u043b\u044f \u0447\u0442\u0435\u043d\u0438\u044f\" \/>\n\t<meta name=\"twitter:data2\" content=\"2 \u043c\u0438\u043d\u0443\u0442\u044b\" \/>\n<script type=\"application\/ld+json\" class=\"yoast-schema-graph\">{\"@context\":\"https:\/\/schema.org\",\"@graph\":[{\"@type\":\"WebPage\",\"@id\":\"https:\/\/chosowa.pl\/wydarzenia\/moda-na-rower-w-ch-osowa\/\",\"url\":\"https:\/\/chosowa.pl\/wydarzenia\/moda-na-rower-w-ch-osowa\/\",\"name\":\"Moda na rower w CH Osowa - Osowa\",\"isPartOf\":{\"@id\":\"https:\/\/chosowa.pl\/ru\/#website\"},\"datePublished\":\"2019-05-07T08:41:26+00:00\",\"dateModified\":\"2019-10-04T08:44:59+00:00\",\"author\":{\"@id\":\"https:\/\/chosowa.pl\/ru\/#\/schema\/person\/15445b51bd45e4d72c2794a45adeb220\"},\"breadcrumb\":{\"@id\":\"https:\/\/chosowa.pl\/wydarzenia\/moda-na-rower-w-ch-osowa\/#breadcrumb\"},\"inLanguage\":\"ru-RU\",\"potentialAction\":[{\"@type\":\"ReadAction\",\"target\":[\"https:\/\/chosowa.pl\/wydarzenia\/moda-na-rower-w-ch-osowa\/\"]}]},{\"@type\":\"BreadcrumbList\",\"@id\":\"https:\/\/chosowa.pl\/wydarzenia\/moda-na-rower-w-ch-osowa\/#breadcrumb\",\"itemListElement\":[{\"@type\":\"ListItem\",\"position\":1,\"name\":\"\u0434\u043e\u043c\u0430\",\"item\":\"https:\/\/chosowa.pl\/ru\/\"},{\"@type\":\"ListItem\",\"position\":2,\"name\":\"Wydarzenia\",\"item\":\"https:\/\/chosowa.pl\/.\/wydarzenia\/\"},{\"@type\":\"ListItem\",\"position\":3,\"name\":\"Moda na&nbsp;rower w&nbsp;CH Osowa\"}]},{\"@type\":\"WebSite\",\"@id\":\"https:\/\/chosowa.pl\/ru\/#website\",\"url\":\"https:\/\/chosowa.pl\/ru\/\",\"name\":\"Osowa\",\"description\":\"Centrum Handlowe Osowa\",\"potentialAction\":[{\"@type\":\"SearchAction\",\"target\":{\"@type\":\"EntryPoint\",\"urlTemplate\":\"https:\/\/chosowa.pl\/ru\/?s={search_term_string}\"},\"query-input\":{\"@type\":\"PropertyValueSpecification\",\"valueRequired\":true,\"valueName\":\"search_term_string\"}}],\"inLanguage\":\"ru-RU\"},{\"@type\":\"Person\",\"@id\":\"https:\/\/chosowa.pl\/ru\/#\/schema\/person\/15445b51bd45e4d72c2794a45adeb220\",\"name\":\"aadmin\"}]}<\/script>\n<!-- \/ Yoast SEO plugin. -->","yoast_head_json":{"title":"Moda na rower w CH Osowa - Osowa","robots":{"index":"index","follow":"follow","max-snippet":"max-snippet:-1","max-image-preview":"max-image-preview:large","max-video-preview":"max-video-preview:-1"},"canonical":"https:\/\/chosowa.pl\/wydarzenia\/moda-na-rower-w-ch-osowa\/","og_locale":"ru_RU","og_type":"article","og_title":"Moda na rower w CH Osowa - Osowa","og_description":"Ju\u017c 18 maja CH Osowa zaprasza wszystkich mi\u0142o\u015bnik\u00f3w jedno\u015blad\u00f3w na wydarzenie \u201eModa na rower\u201d. Podczas eventu odb\u0119dzie si\u0119 Osowa Dzieci\u0119cy Maraton Rowerowy, w kt\u00f3rym mog\u0105 wzi\u0105\u0107 udzia\u0142 m\u0142odzi rowerzy\u015bci do [&hellip;]","og_url":"https:\/\/chosowa.pl\/wydarzenia\/moda-na-rower-w-ch-osowa\/","og_site_name":"Osowa","article_publisher":"https:\/\/www.facebook.com\/CHOsowa","article_published_time":"2019-05-07T08:41:26+00:00","article_modified_time":"2019-10-04T08:44:59+00:00","og_image":[{"width":1200,"height":630,"url":"https:\/\/chosowa.pl\/wp-content\/uploads\/2019\/10\/open_graph_chosowa.jpg","type":"image\/jpeg"}],"author":"aadmin","twitter_card":"summary_large_image","twitter_misc":{"\u041d\u0430\u043f\u0438\u0441\u0430\u043d\u043e \u0430\u0432\u0442\u043e\u0440\u043e\u043c":"aadmin","\u041f\u0440\u0438\u043c\u0435\u0440\u043d\u043e\u0435 \u0432\u0440\u0435\u043c\u044f \u0434\u043b\u044f \u0447\u0442\u0435\u043d\u0438\u044f":"2 \u043c\u0438\u043d\u0443\u0442\u044b"},"schema":{"@context":"https:\/\/schema.org","@graph":[{"@type":"WebPage","@id":"https:\/\/chosowa.pl\/wydarzenia\/moda-na-rower-w-ch-osowa\/","url":"https:\/\/chosowa.pl\/wydarzenia\/moda-na-rower-w-ch-osowa\/","name":"Moda na rower w CH Osowa - Osowa","isPartOf":{"@id":"https:\/\/chosowa.pl\/ru\/#website"},"datePublished":"2019-05-07T08:41:26+00:00","dateModified":"2019-10-04T08:44:59+00:00","author":{"@id":"https:\/\/chosowa.pl\/ru\/#\/schema\/person\/15445b51bd45e4d72c2794a45adeb220"},"breadcrumb":{"@id":"https:\/\/chosowa.pl\/wydarzenia\/moda-na-rower-w-ch-osowa\/#breadcrumb"},"inLanguage":"ru-RU","potentialAction":[{"@type":"ReadAction","target":["https:\/\/chosowa.pl\/wydarzenia\/moda-na-rower-w-ch-osowa\/"]}]},{"@type":"BreadcrumbList","@id":"https:\/\/chosowa.pl\/wydarzenia\/moda-na-rower-w-ch-osowa\/#breadcrumb","itemListElement":[{"@type":"ListItem","position":1,"name":"\u0434\u043e\u043c\u0430","item":"https:\/\/chosowa.pl\/ru\/"},{"@type":"ListItem","position":2,"name":"Wydarzenia","item":"https:\/\/chosowa.pl\/.\/wydarzenia\/"},{"@type":"ListItem","position":3,"name":"Moda na&nbsp;rower w&nbsp;CH Osowa"}]},{"@type":"WebSite","@id":"https:\/\/chosowa.pl\/ru\/#website","url":"https:\/\/chosowa.pl\/ru\/","name":"Osowa","description":"Centrum Handlowe Osowa","potentialAction":[{"@type":"SearchAction","target":{"@type":"EntryPoint","urlTemplate":"https:\/\/chosowa.pl\/ru\/?s={search_term_string}"},"query-input":{"@type":"PropertyValueSpecification","valueRequired":true,"valueName":"search_term_string"}}],"inLanguage":"ru-RU"},{"@type":"Person","@id":"https:\/\/chosowa.pl\/ru\/#\/schema\/person\/15445b51bd45e4d72c2794a45adeb220","name":"aadmin"}]}},"_links":{"self":[{"href":"https:\/\/chosowa.pl\/ru\/wp-json\/wp\/v2\/posts\/2285"}],"collection":[{"href":"https:\/\/chosowa.pl\/ru\/wp-json\/wp\/v2\/posts"}],"about":[{"href":"https:\/\/chosowa.pl\/ru\/wp-json\/wp\/v2\/types\/post"}],"author":[{"embeddable":true,"href":"https:\/\/chosowa.pl\/ru\/wp-json\/wp\/v2\/users\/1"}],"replies":[{"embeddable":true,"href":"https:\/\/chosowa.pl\/ru\/wp-json\/wp\/v2\/comments?post=2285"}],"version-history":[{"count":0,"href":"https:\/\/chosowa.pl\/ru\/wp-json\/wp\/v2\/posts\/2285\/revisions"}],"wp:attachment":[{"href":"https:\/\/chosowa.pl\/ru\/wp-json\/wp\/v2\/media?parent=2285"}],"wp:term":[{"taxonomy":"category","embeddable":true,"href":"https:\/\/chosowa.pl\/ru\/wp-json\/wp\/v2\/categories?post=2285"},{"taxonomy":"post_tag","embeddable":true,"href":"https:\/\/chosowa.pl\/ru\/wp-json\/wp\/v2\/tags?post=2285"}],"curies":[{"name":"wp","href":"https:\/\/api.w.org\/{rel}","templated":true}]}}