{"id":14866,"date":"2026-03-10T13:29:32","date_gmt":"2026-03-10T12:29:32","guid":{"rendered":"https:\/\/chosowa.pl\/?p=14866"},"modified":"2026-03-27T11:48:24","modified_gmt":"2026-03-27T10:48:24","slug":"mruczaca-sobota-w-ch-osowa-pokaz-kotow-rasowych-i-targi-dla-pupili","status":"publish","type":"post","link":"https:\/\/chosowa.pl\/ru\/wydarzenia\/mruczaca-sobota-w-ch-osowa-pokaz-kotow-rasowych-i-targi-dla-pupili\/","title":{"rendered":"Mrucz\u0105ca sobota w CH Osowa &#8212; Pokaz Kot\u00f3w Rasowych i Targi dla Pupili"},"content":{"rendered":"<p>Pokaz kot\u00f3w rasowych, konkurs na najpi\u0119kniejszego uczestnika oraz targi z wysokiej jako\u015bci produktami dla pupili \u2013 ju\u017c 28 marca CH Osowa ponownie stanie si\u0119 miejscem spotkania mi\u0142o\u015bnik\u00f3w mrucz\u0105cych czworonog\u00f3w. Wydarzenie po\u0142\u0105czy podziwianie kociej urody z solidn\u0105 dawk\u0105 wiedzy i praktycznych porad dla opiekun\u00f3w.<\/p>\n<p>W sobot\u0119, 28 marca CH Osowa zaprasza na wyj\u0105tkowe wydarzenie dedykowane wszystkim, kt\u00f3rzy nie wyobra\u017caj\u0105 sobie \u017cycia bez kociego towarzystwa. Mrucz\u0105ce czworonogi, do\u015bwiadczeni hodowcy oraz atrakcje towarzysz\u0105ce obecne b\u0119d\u0105 w centrum handlowym od godziny 10:00.<\/p>\n<p>G\u0142\u00f3wny, punktem programu b\u0119dzie Pokaz Kot\u00f3w Rasowych organizowany przez Cat Club Victoria Gda\u0144sk. Na wybiegu zaprezentuj\u0105 si\u0119 przedstawiciele cenionych ras, m.in. kot brytyjski, maine coon czy ragdoll. Publiczno\u015b\u0107 b\u0119dzie mog\u0142a nie tylko podziwia\u0107 ich urod\u0119 i r\u00f3\u017cnorodno\u015b\u0107, lecz tak\u017ce odda\u0107 g\u0142os w konkursie na najpi\u0119kniejszego kota pokazu.<\/p>\n<p>Cat Club Victoria Gda\u0144sk dzia\u0142a w strukturach Felis Polonia \u2013 najwi\u0119kszej polskiej federacji zrzeszaj\u0105cej hodowc\u00f3w kot\u00f3w rasowych. Obecno\u015b\u0107 do\u015bwiadczonych hodowc\u00f3w i ekspert\u00f3w to gwarancja wysokiego poziomu wydarzenia \u2013 nie tylko pi\u0119knych, rasowych czworonog\u00f3w, ale tak\u017ce element\u00f3w edukacyjnych. W programie dnia znajdzie si\u0119 czas na porady behawioralne, wskaz\u00f3wki np. dotycz\u0105ce adaptacji kota w nowym domu, relacji na linii kot\u2013dziecko czy rozwi\u0105zywania problem\u00f3w wychowawczych. Uczestnicy dowiedz\u0105 si\u0119 tak\u017ce, jak czyta\u0107 rodow\u00f3d i czym kierowa\u0107 si\u0119 przy wyborze konkretnej rasy.<\/p>\n<p>Wszyscy w\u0142a\u015bciciele kot\u00f3w na pewno uciesz\u0105 si\u0119 tak\u017ce z zaproszenia na Targi dla Pupila, kt\u00f3re trwa\u0107 b\u0119d\u0105 r\u00f3wnolegle do Pokazu Kot\u00f3w Rasowych. To doskona\u0142a okazja, by zaopatrzy\u0107 si\u0119 w wysokiej jako\u015bci karmy, suplementy i akcesoria dla kot\u00f3w, pozna\u0107 nowo\u015bci rynkowe, porozmawia\u0107 z wystawcami oraz \u015bwiadomie dobra\u0107 produkty dopasowane do potrzeb swojego zwierzaka. Osoby rozwa\u017caj\u0105ce zakup kota rasowego b\u0119d\u0105 mog\u0142y zapozna\u0107 si\u0119 z ofert\u0105 hodowli i skonsultowa\u0107 si\u0119 ze specjalistami.<\/p>\n<p>\u2013 Cieszymy si\u0119, \u017ce po raz kolejny mo\u017cemy go\u015bci\u0107 Pokaz Kot\u00f3w Rasowych w CH Osowa. To wydarzenie nie tylko przyci\u0105ga mi\u0142o\u015bnik\u00f3w czworonog\u00f3w, ale ma tak\u017ce du\u017cy walor edukacyjny. Chcemy tworzy\u0107 przestrze\u0144, w kt\u00f3rej opiekunowie zdobywaj\u0105 wiedz\u0119 i staj\u0105 si\u0119 coraz bardziej \u015bwiadomi w trosce o swoje pupile. Zapraszamy r\u00f3wnie\u017c rodziny z dzie\u0107mi \u2013 to doskona\u0142a okazja do wsp\u00f3lnego sp\u0119dzenia czasu i obserwacji \u015bwiata tych wyj\u0105tkowych, r\u00f3\u017cnorodnych zwierz\u0105t \u2013 m\u00f3wi Dariusz Rudzi\u0144ski manager CH Osowa.<\/p>\n<p>Wst\u0119p na Pokaz Kot\u00f3w Rasowych oraz inne towarzysz\u0105ce atrakcje jest bezp\u0142atny. Zako\u0144czenie wydarzenia przewidziano na godzin\u0119 17.00.<\/p>\n<p>[<a href=\"https:\/\/chosowa.pl\/wp-content\/uploads\/2026\/03\/regulamin-dla-odwiedzajacych.pdf\" target=\"_blank\" rel=\"noopener\"><strong>Regulamin dla odwiedzaj\u0105cych<\/strong><\/a>]<\/p>\n","protected":false},"excerpt":{"rendered":"<p>Pokaz kot\u00f3w rasowych, konkurs na najpi\u0119kniejszego uczestnika oraz targi z wysokiej jako\u015bci produktami dla pupili \u2013 ju\u017c 28 marca CH Osowa ponownie stanie si\u0119 miejscem spotkania mi\u0142o\u015bnik\u00f3w mrucz\u0105cych czworonog\u00f3w. Wydarzenie [&hellip;]<\/p>\n","protected":false},"author":1,"featured_media":0,"comment_status":"closed","ping_status":"closed","sticky":false,"template":"","format":"standard","meta":{"_acf_changed":false,"footnotes":""},"categories":[15],"tags":[],"class_list":["post-14866","post","type-post","status-publish","format-standard","hentry","category-wydarzenia"],"acf":[],"yoast_head":"<!-- This site is optimized with the Yoast SEO plugin v23.6 - https:\/\/yoast.com\/wordpress\/plugins\/seo\/ -->\n<title>Mrucz\u0105ca sobota w CH Osowa - Pokaz Kot\u00f3w Rasowych i Targi dla Pupili - Osowa<\/title>\n<meta name=\"robots\" content=\"index, follow, max-snippet:-1, max-image-preview:large, max-video-preview:-1\" \/>\n<link rel=\"canonical\" href=\"https:\/\/chosowa.pl\/wydarzenia\/mruczaca-sobota-w-ch-osowa-pokaz-kotow-rasowych-i-targi-dla-pupili\/\" \/>\n<meta property=\"og:locale\" content=\"ru_RU\" \/>\n<meta property=\"og:type\" content=\"article\" \/>\n<meta property=\"og:title\" content=\"Mrucz\u0105ca sobota w CH Osowa - Pokaz Kot\u00f3w Rasowych i Targi dla Pupili - Osowa\" \/>\n<meta property=\"og:description\" content=\"Pokaz kot\u00f3w rasowych, konkurs na najpi\u0119kniejszego uczestnika oraz targi z wysokiej jako\u015bci produktami dla pupili \u2013 ju\u017c 28 marca CH Osowa ponownie stanie si\u0119 miejscem spotkania mi\u0142o\u015bnik\u00f3w mrucz\u0105cych czworonog\u00f3w. Wydarzenie [&hellip;]\" \/>\n<meta property=\"og:url\" content=\"https:\/\/chosowa.pl\/wydarzenia\/mruczaca-sobota-w-ch-osowa-pokaz-kotow-rasowych-i-targi-dla-pupili\/\" \/>\n<meta property=\"og:site_name\" content=\"Osowa\" \/>\n<meta property=\"article:publisher\" content=\"https:\/\/www.facebook.com\/CHOsowa\" \/>\n<meta property=\"article:published_time\" content=\"2026-03-10T12:29:32+00:00\" \/>\n<meta property=\"article:modified_time\" content=\"2026-03-27T10:48:24+00:00\" \/>\n<meta property=\"og:image\" content=\"https:\/\/chosowa.pl\/wp-content\/uploads\/2019\/10\/open_graph_chosowa.jpg\" \/>\n\t<meta property=\"og:image:width\" content=\"1200\" \/>\n\t<meta property=\"og:image:height\" content=\"630\" \/>\n\t<meta property=\"og:image:type\" content=\"image\/jpeg\" \/>\n<meta name=\"author\" content=\"aadmin\" \/>\n<meta name=\"twitter:card\" content=\"summary_large_image\" \/>\n<meta name=\"twitter:label1\" content=\"\u041d\u0430\u043f\u0438\u0441\u0430\u043d\u043e \u0430\u0432\u0442\u043e\u0440\u043e\u043c\" \/>\n\t<meta name=\"twitter:data1\" content=\"aadmin\" \/>\n\t<meta name=\"twitter:label2\" content=\"\u041f\u0440\u0438\u043c\u0435\u0440\u043d\u043e\u0435 \u0432\u0440\u0435\u043c\u044f \u0434\u043b\u044f \u0447\u0442\u0435\u043d\u0438\u044f\" \/>\n\t<meta name=\"twitter:data2\" content=\"3 \u043c\u0438\u043d\u0443\u0442\u044b\" \/>\n<script type=\"application\/ld+json\" class=\"yoast-schema-graph\">{\"@context\":\"https:\/\/schema.org\",\"@graph\":[{\"@type\":\"WebPage\",\"@id\":\"https:\/\/chosowa.pl\/wydarzenia\/mruczaca-sobota-w-ch-osowa-pokaz-kotow-rasowych-i-targi-dla-pupili\/\",\"url\":\"https:\/\/chosowa.pl\/wydarzenia\/mruczaca-sobota-w-ch-osowa-pokaz-kotow-rasowych-i-targi-dla-pupili\/\",\"name\":\"Mrucz\u0105ca sobota w CH Osowa - Pokaz Kot\u00f3w Rasowych i Targi dla Pupili - Osowa\",\"isPartOf\":{\"@id\":\"https:\/\/chosowa.pl\/ru\/#website\"},\"datePublished\":\"2026-03-10T12:29:32+00:00\",\"dateModified\":\"2026-03-27T10:48:24+00:00\",\"author\":{\"@id\":\"https:\/\/chosowa.pl\/ru\/#\/schema\/person\/15445b51bd45e4d72c2794a45adeb220\"},\"breadcrumb\":{\"@id\":\"https:\/\/chosowa.pl\/wydarzenia\/mruczaca-sobota-w-ch-osowa-pokaz-kotow-rasowych-i-targi-dla-pupili\/#breadcrumb\"},\"inLanguage\":\"ru-RU\",\"potentialAction\":[{\"@type\":\"ReadAction\",\"target\":[\"https:\/\/chosowa.pl\/wydarzenia\/mruczaca-sobota-w-ch-osowa-pokaz-kotow-rasowych-i-targi-dla-pupili\/\"]}]},{\"@type\":\"BreadcrumbList\",\"@id\":\"https:\/\/chosowa.pl\/wydarzenia\/mruczaca-sobota-w-ch-osowa-pokaz-kotow-rasowych-i-targi-dla-pupili\/#breadcrumb\",\"itemListElement\":[{\"@type\":\"ListItem\",\"position\":1,\"name\":\"\u0434\u043e\u043c\u0430\",\"item\":\"https:\/\/chosowa.pl\/ru\/\"},{\"@type\":\"ListItem\",\"position\":2,\"name\":\"Wydarzenia\",\"item\":\"https:\/\/chosowa.pl\/.\/wydarzenia\/\"},{\"@type\":\"ListItem\",\"position\":3,\"name\":\"Mrucz\u0105ca sobota w CH Osowa &#8211; Pokaz Kot\u00f3w Rasowych i Targi dla Pupili\"}]},{\"@type\":\"WebSite\",\"@id\":\"https:\/\/chosowa.pl\/ru\/#website\",\"url\":\"https:\/\/chosowa.pl\/ru\/\",\"name\":\"Osowa\",\"description\":\"Centrum Handlowe Osowa\",\"potentialAction\":[{\"@type\":\"SearchAction\",\"target\":{\"@type\":\"EntryPoint\",\"urlTemplate\":\"https:\/\/chosowa.pl\/ru\/?s={search_term_string}\"},\"query-input\":{\"@type\":\"PropertyValueSpecification\",\"valueRequired\":true,\"valueName\":\"search_term_string\"}}],\"inLanguage\":\"ru-RU\"},{\"@type\":\"Person\",\"@id\":\"https:\/\/chosowa.pl\/ru\/#\/schema\/person\/15445b51bd45e4d72c2794a45adeb220\",\"name\":\"aadmin\"}]}<\/script>\n<!-- \/ Yoast SEO plugin. -->","yoast_head_json":{"title":"Mrucz\u0105ca sobota w CH Osowa - Pokaz Kot\u00f3w Rasowych i Targi dla Pupili - Osowa","robots":{"index":"index","follow":"follow","max-snippet":"max-snippet:-1","max-image-preview":"max-image-preview:large","max-video-preview":"max-video-preview:-1"},"canonical":"https:\/\/chosowa.pl\/wydarzenia\/mruczaca-sobota-w-ch-osowa-pokaz-kotow-rasowych-i-targi-dla-pupili\/","og_locale":"ru_RU","og_type":"article","og_title":"Mrucz\u0105ca sobota w CH Osowa - Pokaz Kot\u00f3w Rasowych i Targi dla Pupili - Osowa","og_description":"Pokaz kot\u00f3w rasowych, konkurs na najpi\u0119kniejszego uczestnika oraz targi z wysokiej jako\u015bci produktami dla pupili \u2013 ju\u017c 28 marca CH Osowa ponownie stanie si\u0119 miejscem spotkania mi\u0142o\u015bnik\u00f3w mrucz\u0105cych czworonog\u00f3w. Wydarzenie [&hellip;]","og_url":"https:\/\/chosowa.pl\/wydarzenia\/mruczaca-sobota-w-ch-osowa-pokaz-kotow-rasowych-i-targi-dla-pupili\/","og_site_name":"Osowa","article_publisher":"https:\/\/www.facebook.com\/CHOsowa","article_published_time":"2026-03-10T12:29:32+00:00","article_modified_time":"2026-03-27T10:48:24+00:00","og_image":[{"width":1200,"height":630,"url":"https:\/\/chosowa.pl\/wp-content\/uploads\/2019\/10\/open_graph_chosowa.jpg","type":"image\/jpeg"}],"author":"aadmin","twitter_card":"summary_large_image","twitter_misc":{"\u041d\u0430\u043f\u0438\u0441\u0430\u043d\u043e \u0430\u0432\u0442\u043e\u0440\u043e\u043c":"aadmin","\u041f\u0440\u0438\u043c\u0435\u0440\u043d\u043e\u0435 \u0432\u0440\u0435\u043c\u044f \u0434\u043b\u044f \u0447\u0442\u0435\u043d\u0438\u044f":"3 \u043c\u0438\u043d\u0443\u0442\u044b"},"schema":{"@context":"https:\/\/schema.org","@graph":[{"@type":"WebPage","@id":"https:\/\/chosowa.pl\/wydarzenia\/mruczaca-sobota-w-ch-osowa-pokaz-kotow-rasowych-i-targi-dla-pupili\/","url":"https:\/\/chosowa.pl\/wydarzenia\/mruczaca-sobota-w-ch-osowa-pokaz-kotow-rasowych-i-targi-dla-pupili\/","name":"Mrucz\u0105ca sobota w CH Osowa - Pokaz Kot\u00f3w Rasowych i Targi dla Pupili - Osowa","isPartOf":{"@id":"https:\/\/chosowa.pl\/ru\/#website"},"datePublished":"2026-03-10T12:29:32+00:00","dateModified":"2026-03-27T10:48:24+00:00","author":{"@id":"https:\/\/chosowa.pl\/ru\/#\/schema\/person\/15445b51bd45e4d72c2794a45adeb220"},"breadcrumb":{"@id":"https:\/\/chosowa.pl\/wydarzenia\/mruczaca-sobota-w-ch-osowa-pokaz-kotow-rasowych-i-targi-dla-pupili\/#breadcrumb"},"inLanguage":"ru-RU","potentialAction":[{"@type":"ReadAction","target":["https:\/\/chosowa.pl\/wydarzenia\/mruczaca-sobota-w-ch-osowa-pokaz-kotow-rasowych-i-targi-dla-pupili\/"]}]},{"@type":"BreadcrumbList","@id":"https:\/\/chosowa.pl\/wydarzenia\/mruczaca-sobota-w-ch-osowa-pokaz-kotow-rasowych-i-targi-dla-pupili\/#breadcrumb","itemListElement":[{"@type":"ListItem","position":1,"name":"\u0434\u043e\u043c\u0430","item":"https:\/\/chosowa.pl\/ru\/"},{"@type":"ListItem","position":2,"name":"Wydarzenia","item":"https:\/\/chosowa.pl\/.\/wydarzenia\/"},{"@type":"ListItem","position":3,"name":"Mrucz\u0105ca sobota w CH Osowa &#8211; Pokaz Kot\u00f3w Rasowych i Targi dla Pupili"}]},{"@type":"WebSite","@id":"https:\/\/chosowa.pl\/ru\/#website","url":"https:\/\/chosowa.pl\/ru\/","name":"Osowa","description":"Centrum Handlowe Osowa","potentialAction":[{"@type":"SearchAction","target":{"@type":"EntryPoint","urlTemplate":"https:\/\/chosowa.pl\/ru\/?s={search_term_string}"},"query-input":{"@type":"PropertyValueSpecification","valueRequired":true,"valueName":"search_term_string"}}],"inLanguage":"ru-RU"},{"@type":"Person","@id":"https:\/\/chosowa.pl\/ru\/#\/schema\/person\/15445b51bd45e4d72c2794a45adeb220","name":"aadmin"}]}},"_links":{"self":[{"href":"https:\/\/chosowa.pl\/ru\/wp-json\/wp\/v2\/posts\/14866"}],"collection":[{"href":"https:\/\/chosowa.pl\/ru\/wp-json\/wp\/v2\/posts"}],"about":[{"href":"https:\/\/chosowa.pl\/ru\/wp-json\/wp\/v2\/types\/post"}],"author":[{"embeddable":true,"href":"https:\/\/chosowa.pl\/ru\/wp-json\/wp\/v2\/users\/1"}],"replies":[{"embeddable":true,"href":"https:\/\/chosowa.pl\/ru\/wp-json\/wp\/v2\/comments?post=14866"}],"version-history":[{"count":3,"href":"https:\/\/chosowa.pl\/ru\/wp-json\/wp\/v2\/posts\/14866\/revisions"}],"predecessor-version":[{"id":14927,"href":"https:\/\/chosowa.pl\/ru\/wp-json\/wp\/v2\/posts\/14866\/revisions\/14927"}],"wp:attachment":[{"href":"https:\/\/chosowa.pl\/ru\/wp-json\/wp\/v2\/media?parent=14866"}],"wp:term":[{"taxonomy":"category","embeddable":true,"href":"https:\/\/chosowa.pl\/ru\/wp-json\/wp\/v2\/categories?post=14866"},{"taxonomy":"post_tag","embeddable":true,"href":"https:\/\/chosowa.pl\/ru\/wp-json\/wp\/v2\/tags?post=14866"}],"curies":[{"name":"wp","href":"https:\/\/api.w.org\/{rel}","templated":true}]}}