{"id":12030,"date":"2024-09-30T13:45:23","date_gmt":"2024-09-30T11:45:23","guid":{"rendered":"https:\/\/chosowa.pl\/?p=12030"},"modified":"2024-09-30T13:46:21","modified_gmt":"2024-09-30T11:46:21","slug":"wyprzedaz-garazowa-w-ch-osowa-juz-19-pazdziernika-9-edycja","status":"publish","type":"post","link":"https:\/\/chosowa.pl\/ru\/wydarzenia\/wyprzedaz-garazowa-w-ch-osowa-juz-19-pazdziernika-9-edycja\/","title":{"rendered":"Wyprzeda\u017c gara\u017cowa w CH Osowa ju\u017c 19 pa\u017adziernika \u2013 9. edycja!"},"content":{"rendered":"<p>Za\u00adpra\u00adsza\u00admy ser\u00addecz\u00adnie na\u00a0dziewi\u0105t\u0105 ju\u017c\u00a0<strong>wy\u00adprze\u00adda\u017c ga\u00adra\u00ad\u017co\u00adw\u0105<\/strong>, kt\u00f3\u00adra\u00a0od\u00adb\u0119\u00addzie si\u0119\u00a0<strong>19 pa\u017adziernika<\/strong>\u00a0w\u00a0CH Oso\u00adwa! W\u00a0go\u00addzi\u00adnach\u00a0<strong>12:00-16:00<\/strong>\u00a0na\u00a0od\u00adwie\u00addza\u00adj\u0105\u00adcych cze\u00adka nie\u00adpo\u00adwta\u00adrzal\u00adna oka\u00adzja do\u00a0na\u00adby\u00adcia uni\u00adkal\u00adnych przedmio\u00adt\u00f3w w\u00a0atrak\u00adcyj\u00adnych ce\u00adnach. Ubra\u00adnia, ksi\u0105\u017c\u00adki, za\u00adbaw\u00adki, ak\u00adce\u00adso\u00adria do\u00admo\u00adwe i\u00a0wie\u00adle in\u00adnych skar\u00adb\u00f3w \u2013 ka\u017c\u00addy znaj\u00addzie co\u015b dla sie\u00adbie!<\/p>\n<p>To\u00a0ide\u00adal\u00adna szan\u00adsa na\u00a0upo\u00adlo\u00adwa\u00adnie \u015bwiet\u00adnych oka\u00adzji oraz\u00a0nada\u00adnie dru\u00adgie\u00adgo \u017cy\u00adcia przedmio\u00adtom, kt\u00f3\u00adre dla in\u00adnych mo\u00adg\u0105 oka\u00adza\u0107 si\u0119 wy\u00adj\u0105t\u00adko\u00adwo przy\u00addat\u00adne. Nie\u00adza\u00adle\u017c\u00adnie od\u00a0te\u00adgo, czy\u00a0szu\u00adkasz cze\u00adgo\u015b nie\u00adtu\u00adzin\u00adko\u00adwe\u00adgo, czy\u00a0po\u00a0pro\u00adstu chcesz sp\u0119\u00addzi\u0107 mi\u00ad\u0142e po\u00adpo\u00ad\u0142u\u00addnie, na\u00adsza wy\u00adprze\u00adda\u017c ga\u00adra\u00ad\u017co\u00adwa to\u00a0wy\u00adda\u00adrze\u00adnie, kt\u00f3\u00adrego\u00a0nie\u00a0mo\u00ad\u017cesz prze\u00adga\u00adpi\u0107!<\/p>\n<p><strong>Zo\u00adsta\u0144 sprze\u00addaw\u00adc\u0105!<\/strong><\/p>\n<p>Je\u00ad\u015bli masz w\u00a0do\u00admu nie\u00adpo\u00adtrzeb\u00adne przedmio\u00adty, kt\u00f3\u00adre mo\u00adg\u0142y\u00adby zna\u00adle\u017a\u0107 no\u00adwe\u00adgo w\u0142a\u00ad\u015bci\u00adcie\u00adla, za\u00adpra\u00adsza\u00admy do\u00a0zg\u0142o\u00adsze\u00adnia si\u0119 ja\u00adko sprze\u00addaw\u00adca! Wy\u00adstar\u00adczy wy\u00adpe\u0142\u00adni\u0107\u00a0<a href=\"https:\/\/chosowa.pl\/wp-content\/uploads\/2024\/07\/deklaracja_sprzedawcy1216.pdf\" target=\"_blank\" rel=\"noopener\"><span style=\"text-decoration: underline;\"><strong>for\u00admu\u00adlarz zg\u0142o\u00adsze\u00adnio\u00adwy<\/strong><\/span><\/a>\u00a0i\u00a0prze\u00ads\u0142a\u0107 go\u00a0na\u00a0nasz ad\u00adres ma\u00adilo\u00adwy:\u00a0<strong><span style=\"text-decoration: underline;\"><a href=\"mailto:oso\u00adwa\u00ad@sier\u00adra\u00adbal\u00adma\u00adin.com\">oso\u00adwa\u00ad@sier\u00adra\u00adbal\u00adma\u00adin.com<\/a><\/span>.<\/strong>\u00a0Zg\u0142o\u00adsze\u00adnia przyj\u00admu\u00adje\u00admy do\u00a0<strong>17 pa\u017adziernika<\/strong>. To\u00a0do\u00adsko\u00adna\u00ad\u0142a oka\u00adzja, aby po\u00adzby\u0107 si\u0119 za\u00adle\u00adga\u00adj\u0105\u00adcych rze\u00adczy i\u00a0jed\u00adno\u00adcze\u00ad\u015bnie spra\u00adwi\u0107 ra\u00addo\u015b\u0107 in\u00adnym!<\/p>\n<p>Regulamin cyklu wydarze\u0144 znajdziesz: <span style=\"text-decoration: underline;\"><a href=\"https:\/\/chosowa.pl\/wp-content\/uploads\/2024\/09\/regulamin-cyklu-wydarzen_osowa_v1216.pdf\" target=\"_blank\" rel=\"noopener\"><strong>TUTAJ<\/strong><\/a><\/span><\/p>\n","protected":false},"excerpt":{"rendered":"<p>Za\u00adpra\u00adsza\u00admy ser\u00addecz\u00adnie na\u00a0dziewi\u0105t\u0105 ju\u017c\u00a0wy\u00adprze\u00adda\u017c ga\u00adra\u00ad\u017co\u00adw\u0105, kt\u00f3\u00adra\u00a0od\u00adb\u0119\u00addzie si\u0119\u00a019 pa\u017adziernika\u00a0w\u00a0CH Oso\u00adwa! W\u00a0go\u00addzi\u00adnach\u00a012:00-16:00\u00a0na\u00a0od\u00adwie\u00addza\u00adj\u0105\u00adcych cze\u00adka nie\u00adpo\u00adwta\u00adrzal\u00adna oka\u00adzja do\u00a0na\u00adby\u00adcia uni\u00adkal\u00adnych przedmio\u00adt\u00f3w w\u00a0atrak\u00adcyj\u00adnych ce\u00adnach. Ubra\u00adnia, ksi\u0105\u017c\u00adki, za\u00adbaw\u00adki, ak\u00adce\u00adso\u00adria do\u00admo\u00adwe i\u00a0wie\u00adle in\u00adnych skar\u00adb\u00f3w \u2013 ka\u017c\u00addy znaj\u00addzie co\u015b [&hellip;]<\/p>\n","protected":false},"author":1,"featured_media":0,"comment_status":"closed","ping_status":"closed","sticky":false,"template":"","format":"standard","meta":{"_acf_changed":false,"footnotes":""},"categories":[15],"tags":[],"class_list":["post-12030","post","type-post","status-publish","format-standard","hentry","category-wydarzenia"],"acf":[],"yoast_head":"<!-- This site is optimized with the Yoast SEO plugin v23.6 - https:\/\/yoast.com\/wordpress\/plugins\/seo\/ -->\n<title>Wyprzeda\u017c gara\u017cowa w CH Osowa ju\u017c 19 pa\u017adziernika \u2013 9. edycja! - Osowa<\/title>\n<meta name=\"robots\" content=\"index, follow, max-snippet:-1, max-image-preview:large, max-video-preview:-1\" \/>\n<link rel=\"canonical\" href=\"https:\/\/chosowa.pl\/wydarzenia\/wyprzedaz-garazowa-w-ch-osowa-juz-19-pazdziernika-9-edycja\/\" \/>\n<meta property=\"og:locale\" content=\"ru_RU\" \/>\n<meta property=\"og:type\" content=\"article\" \/>\n<meta property=\"og:title\" content=\"Wyprzeda\u017c gara\u017cowa w CH Osowa ju\u017c 19 pa\u017adziernika \u2013 9. edycja! - Osowa\" \/>\n<meta property=\"og:description\" content=\"Za\u00adpra\u00adsza\u00admy ser\u00addecz\u00adnie na\u00a0dziewi\u0105t\u0105 ju\u017c\u00a0wy\u00adprze\u00adda\u017c ga\u00adra\u00ad\u017co\u00adw\u0105, kt\u00f3\u00adra\u00a0od\u00adb\u0119\u00addzie si\u0119\u00a019 pa\u017adziernika\u00a0w\u00a0CH Oso\u00adwa! W\u00a0go\u00addzi\u00adnach\u00a012:00-16:00\u00a0na\u00a0od\u00adwie\u00addza\u00adj\u0105\u00adcych cze\u00adka nie\u00adpo\u00adwta\u00adrzal\u00adna oka\u00adzja do\u00a0na\u00adby\u00adcia uni\u00adkal\u00adnych przedmio\u00adt\u00f3w w\u00a0atrak\u00adcyj\u00adnych ce\u00adnach. Ubra\u00adnia, ksi\u0105\u017c\u00adki, za\u00adbaw\u00adki, ak\u00adce\u00adso\u00adria do\u00admo\u00adwe i\u00a0wie\u00adle in\u00adnych skar\u00adb\u00f3w \u2013 ka\u017c\u00addy znaj\u00addzie co\u015b [&hellip;]\" \/>\n<meta property=\"og:url\" content=\"https:\/\/chosowa.pl\/wydarzenia\/wyprzedaz-garazowa-w-ch-osowa-juz-19-pazdziernika-9-edycja\/\" \/>\n<meta property=\"og:site_name\" content=\"Osowa\" \/>\n<meta property=\"article:publisher\" content=\"https:\/\/www.facebook.com\/CHOsowa\" \/>\n<meta property=\"article:published_time\" content=\"2024-09-30T11:45:23+00:00\" \/>\n<meta property=\"article:modified_time\" content=\"2024-09-30T11:46:21+00:00\" \/>\n<meta property=\"og:image\" content=\"https:\/\/chosowa.pl\/wp-content\/uploads\/2019\/10\/open_graph_chosowa.jpg\" \/>\n\t<meta property=\"og:image:width\" content=\"1200\" \/>\n\t<meta property=\"og:image:height\" content=\"630\" \/>\n\t<meta property=\"og:image:type\" content=\"image\/jpeg\" \/>\n<meta name=\"author\" content=\"aadmin\" \/>\n<meta name=\"twitter:card\" content=\"summary_large_image\" \/>\n<meta name=\"twitter:label1\" content=\"\u041d\u0430\u043f\u0438\u0441\u0430\u043d\u043e \u0430\u0432\u0442\u043e\u0440\u043e\u043c\" \/>\n\t<meta name=\"twitter:data1\" content=\"aadmin\" \/>\n\t<meta name=\"twitter:label2\" content=\"\u041f\u0440\u0438\u043c\u0435\u0440\u043d\u043e\u0435 \u0432\u0440\u0435\u043c\u044f \u0434\u043b\u044f \u0447\u0442\u0435\u043d\u0438\u044f\" \/>\n\t<meta name=\"twitter:data2\" content=\"1 \u043c\u0438\u043d\u0443\u0442\u0430\" \/>\n<script type=\"application\/ld+json\" class=\"yoast-schema-graph\">{\"@context\":\"https:\/\/schema.org\",\"@graph\":[{\"@type\":\"WebPage\",\"@id\":\"https:\/\/chosowa.pl\/wydarzenia\/wyprzedaz-garazowa-w-ch-osowa-juz-19-pazdziernika-9-edycja\/\",\"url\":\"https:\/\/chosowa.pl\/wydarzenia\/wyprzedaz-garazowa-w-ch-osowa-juz-19-pazdziernika-9-edycja\/\",\"name\":\"Wyprzeda\u017c gara\u017cowa w CH Osowa ju\u017c 19 pa\u017adziernika \u2013 9. edycja! - Osowa\",\"isPartOf\":{\"@id\":\"https:\/\/chosowa.pl\/ru\/#website\"},\"datePublished\":\"2024-09-30T11:45:23+00:00\",\"dateModified\":\"2024-09-30T11:46:21+00:00\",\"author\":{\"@id\":\"https:\/\/chosowa.pl\/ru\/#\/schema\/person\/15445b51bd45e4d72c2794a45adeb220\"},\"breadcrumb\":{\"@id\":\"https:\/\/chosowa.pl\/wydarzenia\/wyprzedaz-garazowa-w-ch-osowa-juz-19-pazdziernika-9-edycja\/#breadcrumb\"},\"inLanguage\":\"ru-RU\",\"potentialAction\":[{\"@type\":\"ReadAction\",\"target\":[\"https:\/\/chosowa.pl\/wydarzenia\/wyprzedaz-garazowa-w-ch-osowa-juz-19-pazdziernika-9-edycja\/\"]}]},{\"@type\":\"BreadcrumbList\",\"@id\":\"https:\/\/chosowa.pl\/wydarzenia\/wyprzedaz-garazowa-w-ch-osowa-juz-19-pazdziernika-9-edycja\/#breadcrumb\",\"itemListElement\":[{\"@type\":\"ListItem\",\"position\":1,\"name\":\"\u0434\u043e\u043c\u0430\",\"item\":\"https:\/\/chosowa.pl\/ru\/\"},{\"@type\":\"ListItem\",\"position\":2,\"name\":\"Wydarzenia\",\"item\":\"https:\/\/chosowa.pl\/.\/wydarzenia\/\"},{\"@type\":\"ListItem\",\"position\":3,\"name\":\"Wyprzeda\u017c gara\u017cowa w CH Osowa ju\u017c 19 pa\u017adziernika \u2013 9. edycja!\"}]},{\"@type\":\"WebSite\",\"@id\":\"https:\/\/chosowa.pl\/ru\/#website\",\"url\":\"https:\/\/chosowa.pl\/ru\/\",\"name\":\"Osowa\",\"description\":\"Centrum Handlowe Osowa\",\"potentialAction\":[{\"@type\":\"SearchAction\",\"target\":{\"@type\":\"EntryPoint\",\"urlTemplate\":\"https:\/\/chosowa.pl\/ru\/?s={search_term_string}\"},\"query-input\":{\"@type\":\"PropertyValueSpecification\",\"valueRequired\":true,\"valueName\":\"search_term_string\"}}],\"inLanguage\":\"ru-RU\"},{\"@type\":\"Person\",\"@id\":\"https:\/\/chosowa.pl\/ru\/#\/schema\/person\/15445b51bd45e4d72c2794a45adeb220\",\"name\":\"aadmin\"}]}<\/script>\n<!-- \/ Yoast SEO plugin. -->","yoast_head_json":{"title":"Wyprzeda\u017c gara\u017cowa w CH Osowa ju\u017c 19 pa\u017adziernika \u2013 9. edycja! - Osowa","robots":{"index":"index","follow":"follow","max-snippet":"max-snippet:-1","max-image-preview":"max-image-preview:large","max-video-preview":"max-video-preview:-1"},"canonical":"https:\/\/chosowa.pl\/wydarzenia\/wyprzedaz-garazowa-w-ch-osowa-juz-19-pazdziernika-9-edycja\/","og_locale":"ru_RU","og_type":"article","og_title":"Wyprzeda\u017c gara\u017cowa w CH Osowa ju\u017c 19 pa\u017adziernika \u2013 9. edycja! - Osowa","og_description":"Za\u00adpra\u00adsza\u00admy ser\u00addecz\u00adnie na\u00a0dziewi\u0105t\u0105 ju\u017c\u00a0wy\u00adprze\u00adda\u017c ga\u00adra\u00ad\u017co\u00adw\u0105, kt\u00f3\u00adra\u00a0od\u00adb\u0119\u00addzie si\u0119\u00a019 pa\u017adziernika\u00a0w\u00a0CH Oso\u00adwa! W\u00a0go\u00addzi\u00adnach\u00a012:00-16:00\u00a0na\u00a0od\u00adwie\u00addza\u00adj\u0105\u00adcych cze\u00adka nie\u00adpo\u00adwta\u00adrzal\u00adna oka\u00adzja do\u00a0na\u00adby\u00adcia uni\u00adkal\u00adnych przedmio\u00adt\u00f3w w\u00a0atrak\u00adcyj\u00adnych ce\u00adnach. Ubra\u00adnia, ksi\u0105\u017c\u00adki, za\u00adbaw\u00adki, ak\u00adce\u00adso\u00adria do\u00admo\u00adwe i\u00a0wie\u00adle in\u00adnych skar\u00adb\u00f3w \u2013 ka\u017c\u00addy znaj\u00addzie co\u015b [&hellip;]","og_url":"https:\/\/chosowa.pl\/wydarzenia\/wyprzedaz-garazowa-w-ch-osowa-juz-19-pazdziernika-9-edycja\/","og_site_name":"Osowa","article_publisher":"https:\/\/www.facebook.com\/CHOsowa","article_published_time":"2024-09-30T11:45:23+00:00","article_modified_time":"2024-09-30T11:46:21+00:00","og_image":[{"width":1200,"height":630,"url":"https:\/\/chosowa.pl\/wp-content\/uploads\/2019\/10\/open_graph_chosowa.jpg","type":"image\/jpeg"}],"author":"aadmin","twitter_card":"summary_large_image","twitter_misc":{"\u041d\u0430\u043f\u0438\u0441\u0430\u043d\u043e \u0430\u0432\u0442\u043e\u0440\u043e\u043c":"aadmin","\u041f\u0440\u0438\u043c\u0435\u0440\u043d\u043e\u0435 \u0432\u0440\u0435\u043c\u044f \u0434\u043b\u044f \u0447\u0442\u0435\u043d\u0438\u044f":"1 \u043c\u0438\u043d\u0443\u0442\u0430"},"schema":{"@context":"https:\/\/schema.org","@graph":[{"@type":"WebPage","@id":"https:\/\/chosowa.pl\/wydarzenia\/wyprzedaz-garazowa-w-ch-osowa-juz-19-pazdziernika-9-edycja\/","url":"https:\/\/chosowa.pl\/wydarzenia\/wyprzedaz-garazowa-w-ch-osowa-juz-19-pazdziernika-9-edycja\/","name":"Wyprzeda\u017c gara\u017cowa w CH Osowa ju\u017c 19 pa\u017adziernika \u2013 9. edycja! - Osowa","isPartOf":{"@id":"https:\/\/chosowa.pl\/ru\/#website"},"datePublished":"2024-09-30T11:45:23+00:00","dateModified":"2024-09-30T11:46:21+00:00","author":{"@id":"https:\/\/chosowa.pl\/ru\/#\/schema\/person\/15445b51bd45e4d72c2794a45adeb220"},"breadcrumb":{"@id":"https:\/\/chosowa.pl\/wydarzenia\/wyprzedaz-garazowa-w-ch-osowa-juz-19-pazdziernika-9-edycja\/#breadcrumb"},"inLanguage":"ru-RU","potentialAction":[{"@type":"ReadAction","target":["https:\/\/chosowa.pl\/wydarzenia\/wyprzedaz-garazowa-w-ch-osowa-juz-19-pazdziernika-9-edycja\/"]}]},{"@type":"BreadcrumbList","@id":"https:\/\/chosowa.pl\/wydarzenia\/wyprzedaz-garazowa-w-ch-osowa-juz-19-pazdziernika-9-edycja\/#breadcrumb","itemListElement":[{"@type":"ListItem","position":1,"name":"\u0434\u043e\u043c\u0430","item":"https:\/\/chosowa.pl\/ru\/"},{"@type":"ListItem","position":2,"name":"Wydarzenia","item":"https:\/\/chosowa.pl\/.\/wydarzenia\/"},{"@type":"ListItem","position":3,"name":"Wyprzeda\u017c gara\u017cowa w CH Osowa ju\u017c 19 pa\u017adziernika \u2013 9. edycja!"}]},{"@type":"WebSite","@id":"https:\/\/chosowa.pl\/ru\/#website","url":"https:\/\/chosowa.pl\/ru\/","name":"Osowa","description":"Centrum Handlowe Osowa","potentialAction":[{"@type":"SearchAction","target":{"@type":"EntryPoint","urlTemplate":"https:\/\/chosowa.pl\/ru\/?s={search_term_string}"},"query-input":{"@type":"PropertyValueSpecification","valueRequired":true,"valueName":"search_term_string"}}],"inLanguage":"ru-RU"},{"@type":"Person","@id":"https:\/\/chosowa.pl\/ru\/#\/schema\/person\/15445b51bd45e4d72c2794a45adeb220","name":"aadmin"}]}},"_links":{"self":[{"href":"https:\/\/chosowa.pl\/ru\/wp-json\/wp\/v2\/posts\/12030"}],"collection":[{"href":"https:\/\/chosowa.pl\/ru\/wp-json\/wp\/v2\/posts"}],"about":[{"href":"https:\/\/chosowa.pl\/ru\/wp-json\/wp\/v2\/types\/post"}],"author":[{"embeddable":true,"href":"https:\/\/chosowa.pl\/ru\/wp-json\/wp\/v2\/users\/1"}],"replies":[{"embeddable":true,"href":"https:\/\/chosowa.pl\/ru\/wp-json\/wp\/v2\/comments?post=12030"}],"version-history":[{"count":3,"href":"https:\/\/chosowa.pl\/ru\/wp-json\/wp\/v2\/posts\/12030\/revisions"}],"predecessor-version":[{"id":12039,"href":"https:\/\/chosowa.pl\/ru\/wp-json\/wp\/v2\/posts\/12030\/revisions\/12039"}],"wp:attachment":[{"href":"https:\/\/chosowa.pl\/ru\/wp-json\/wp\/v2\/media?parent=12030"}],"wp:term":[{"taxonomy":"category","embeddable":true,"href":"https:\/\/chosowa.pl\/ru\/wp-json\/wp\/v2\/categories?post=12030"},{"taxonomy":"post_tag","embeddable":true,"href":"https:\/\/chosowa.pl\/ru\/wp-json\/wp\/v2\/tags?post=12030"}],"curies":[{"name":"wp","href":"https:\/\/api.w.org\/{rel}","templated":true}]}}