{"id":8514,"date":"2022-08-30T12:07:17","date_gmt":"2022-08-30T10:07:17","guid":{"rendered":"https:\/\/chosowa.pl\/?p=8514"},"modified":"2022-08-30T13:53:03","modified_gmt":"2022-08-30T11:53:03","slug":"zulawskie-smaki-czyli-ekologiczny-jarmark-w-ch-osowa","status":"publish","type":"post","link":"https:\/\/chosowa.pl\/en\/wydarzenia\/zulawskie-smaki-czyli-ekologiczny-jarmark-w-ch-osowa\/","title":{"rendered":"\u201e\u017bu\u0142awskie Smaki\u201d, czyli ekologiczny jarmark w CH Osowa"},"content":{"rendered":"<p>Ju\u017c we wrze\u015bniu do CH Osowa powr\u00f3ci jarmark \u201e\u017bu\u0142awskie Smaki\u201d. Wiadomo\u015b\u0107 ta ucieszy z pewno\u015bci\u0105 wszystkich fan\u00f3w zdrowej i ekologicznej \u017cywno\u015bci. Lokalni producenci zaoferuj\u0105 wyroby, kt\u00f3re na co dzie\u0144 tworz\u0105 w swoich domach czy niewielkich manufakturach. Produkty przygotowywane s\u0105 zgodnie z ide\u0105 slow food, a wi\u0119c z prostych, naturalnych sk\u0142adnik\u00f3w, bez dodatku ulepszaczy. Jarmark b\u0119dzie r\u00f3wnie\u017c doskona\u0142\u0105 okazj\u0105, aby spr\u00f3bowa\u0107 wyj\u0105tkowych regionalnych przysmak\u00f3w, z kt\u00f3rych s\u0142ynie Gda\u0144sk i okolice jak np. dziczyzna pod r\u00f3\u017cn\u0105 postaci\u0105, pierniki, czy marcepan.<\/p>\n<p>Podczas jarmarku nie zabraknie produkt\u00f3w, kt\u00f3re zadowol\u0105 mi\u0142o\u015bnik\u00f3w zar\u00f3wno wytrawnych, jak i s\u0142odszych smak\u00f3w. Aromatyczne w\u0119dliny, domowe pierogi, zdrowe kiszonki, wypieki i s\u0142odko\u015bci, naturalne miody z domowej pasieki i wiele innych specja\u0142\u00f3w niedost\u0119pnych w komercyjnej sprzeda\u017cy. Znajdzie si\u0119 r\u00f3wnie\u017c co\u015b dla fan\u00f3w kulinarnych innowacji m.in. keczup z cukinii czy nutella \u015bliwkowa. Ponadto wystawcy nie tylko b\u0119d\u0105 sprzedawa\u0107 swoje wyroby, ale r\u00f3wnie\u017c ch\u0119tnie opowiedz\u0105 o nich wszystkim zainteresowanym tajnikami kuchni \u017cu\u0142awskiej.<\/p>\n<p>Jarmark otwarty b\u0119dzie ju\u017c 2-3 wrze\u015bnia, nast\u0119pnie 7-8 pa\u017adziernika, 4-5 listopada oraz w dniach 2-3, 9-10, 16-17 i 22-23 grudnia. Stoiska b\u0119d\u0105 czynne w godzinach otwarcia galerii czyli 10.00-21.00.<\/p>\n<p>Wystawcy tegorocznego jarmarku:<\/p>\n<ul>\n<li>\u201eMiody Gustawa\u201d<\/li>\n<li>\u201eSpecja\u0142y z Bor\u00f3w\u201d<\/li>\n<li>\u201eBrowar \u017bu\u0142awy\u201d<\/li>\n<li>\u201eKuchnia Halinki\u201d<\/li>\n<li>\u201eS\u0142odki Zak\u0105tek\u201d<\/li>\n<li>\u201e\u017bu\u0142awskie Smaki\u201d<\/li>\n<li>\u201eKiszonki\u201d.<\/li>\n<\/ul>\n","protected":false},"excerpt":{"rendered":"<p>Ju\u017c we wrze\u015bniu do CH Osowa powr\u00f3ci jarmark \u201e\u017bu\u0142awskie Smaki\u201d. Wiadomo\u015b\u0107 ta ucieszy z pewno\u015bci\u0105 wszystkich fan\u00f3w zdrowej i ekologicznej \u017cywno\u015bci. Lokalni producenci zaoferuj\u0105 wyroby, kt\u00f3re na co dzie\u0144 tworz\u0105 [&hellip;]<\/p>\n","protected":false},"author":1,"featured_media":0,"comment_status":"closed","ping_status":"closed","sticky":false,"template":"","format":"standard","meta":{"_acf_changed":false,"footnotes":""},"categories":[15],"tags":[],"class_list":["post-8514","post","type-post","status-publish","format-standard","hentry","category-wydarzenia"],"acf":[],"yoast_head":"<!-- This site is optimized with the Yoast SEO plugin v23.6 - https:\/\/yoast.com\/wordpress\/plugins\/seo\/ -->\n<title>\u201e\u017bu\u0142awskie Smaki\u201d, czyli ekologiczny jarmark w CH Osowa - Osowa<\/title>\n<meta name=\"robots\" content=\"index, follow, max-snippet:-1, max-image-preview:large, max-video-preview:-1\" \/>\n<link rel=\"canonical\" href=\"https:\/\/chosowa.pl\/wydarzenia\/zulawskie-smaki-czyli-ekologiczny-jarmark-w-ch-osowa\/\" \/>\n<meta property=\"og:locale\" content=\"en_US\" \/>\n<meta property=\"og:type\" content=\"article\" \/>\n<meta property=\"og:title\" content=\"\u201e\u017bu\u0142awskie Smaki\u201d, czyli ekologiczny jarmark w CH Osowa - Osowa\" \/>\n<meta property=\"og:description\" content=\"Ju\u017c we wrze\u015bniu do CH Osowa powr\u00f3ci jarmark \u201e\u017bu\u0142awskie Smaki\u201d. Wiadomo\u015b\u0107 ta ucieszy z pewno\u015bci\u0105 wszystkich fan\u00f3w zdrowej i ekologicznej \u017cywno\u015bci. Lokalni producenci zaoferuj\u0105 wyroby, kt\u00f3re na co dzie\u0144 tworz\u0105 [&hellip;]\" \/>\n<meta property=\"og:url\" content=\"https:\/\/chosowa.pl\/wydarzenia\/zulawskie-smaki-czyli-ekologiczny-jarmark-w-ch-osowa\/\" \/>\n<meta property=\"og:site_name\" content=\"Osowa\" \/>\n<meta property=\"article:publisher\" content=\"https:\/\/www.facebook.com\/CHOsowa\" \/>\n<meta property=\"article:published_time\" content=\"2022-08-30T10:07:17+00:00\" \/>\n<meta property=\"article:modified_time\" content=\"2022-08-30T11:53:03+00:00\" \/>\n<meta property=\"og:image\" content=\"https:\/\/chosowa.pl\/wp-content\/uploads\/2019\/10\/open_graph_chosowa.jpg\" \/>\n\t<meta property=\"og:image:width\" content=\"1200\" \/>\n\t<meta property=\"og:image:height\" content=\"630\" \/>\n\t<meta property=\"og:image:type\" content=\"image\/jpeg\" \/>\n<meta name=\"author\" content=\"aadmin\" \/>\n<meta name=\"twitter:card\" content=\"summary_large_image\" \/>\n<meta name=\"twitter:label1\" content=\"Written by\" \/>\n\t<meta name=\"twitter:data1\" content=\"aadmin\" \/>\n\t<meta name=\"twitter:label2\" content=\"Est. reading time\" \/>\n\t<meta name=\"twitter:data2\" content=\"1 minute\" \/>\n<script type=\"application\/ld+json\" class=\"yoast-schema-graph\">{\"@context\":\"https:\/\/schema.org\",\"@graph\":[{\"@type\":\"WebPage\",\"@id\":\"https:\/\/chosowa.pl\/wydarzenia\/zulawskie-smaki-czyli-ekologiczny-jarmark-w-ch-osowa\/\",\"url\":\"https:\/\/chosowa.pl\/wydarzenia\/zulawskie-smaki-czyli-ekologiczny-jarmark-w-ch-osowa\/\",\"name\":\"\u201e\u017bu\u0142awskie Smaki\u201d, czyli ekologiczny jarmark w CH Osowa - Osowa\",\"isPartOf\":{\"@id\":\"https:\/\/chosowa.pl\/ru\/#website\"},\"datePublished\":\"2022-08-30T10:07:17+00:00\",\"dateModified\":\"2022-08-30T11:53:03+00:00\",\"author\":{\"@id\":\"https:\/\/chosowa.pl\/ru\/#\/schema\/person\/15445b51bd45e4d72c2794a45adeb220\"},\"breadcrumb\":{\"@id\":\"https:\/\/chosowa.pl\/wydarzenia\/zulawskie-smaki-czyli-ekologiczny-jarmark-w-ch-osowa\/#breadcrumb\"},\"inLanguage\":\"en-US\",\"potentialAction\":[{\"@type\":\"ReadAction\",\"target\":[\"https:\/\/chosowa.pl\/wydarzenia\/zulawskie-smaki-czyli-ekologiczny-jarmark-w-ch-osowa\/\"]}]},{\"@type\":\"BreadcrumbList\",\"@id\":\"https:\/\/chosowa.pl\/wydarzenia\/zulawskie-smaki-czyli-ekologiczny-jarmark-w-ch-osowa\/#breadcrumb\",\"itemListElement\":[{\"@type\":\"ListItem\",\"position\":1,\"name\":\"Home page\",\"item\":\"https:\/\/chosowa.pl\/en\/\"},{\"@type\":\"ListItem\",\"position\":2,\"name\":\"Wydarzenia\",\"item\":\"https:\/\/chosowa.pl\/.\/wydarzenia\/\"},{\"@type\":\"ListItem\",\"position\":3,\"name\":\"\u201e\u017bu\u0142awskie Smaki\u201d, czyli ekologiczny jarmark w&nbsp;CH Osowa\"}]},{\"@type\":\"WebSite\",\"@id\":\"https:\/\/chosowa.pl\/ru\/#website\",\"url\":\"https:\/\/chosowa.pl\/ru\/\",\"name\":\"Osowa\",\"description\":\"Centrum Handlowe Osowa\",\"potentialAction\":[{\"@type\":\"SearchAction\",\"target\":{\"@type\":\"EntryPoint\",\"urlTemplate\":\"https:\/\/chosowa.pl\/ru\/?s={search_term_string}\"},\"query-input\":{\"@type\":\"PropertyValueSpecification\",\"valueRequired\":true,\"valueName\":\"search_term_string\"}}],\"inLanguage\":\"en-US\"},{\"@type\":\"Person\",\"@id\":\"https:\/\/chosowa.pl\/ru\/#\/schema\/person\/15445b51bd45e4d72c2794a45adeb220\",\"name\":\"aadmin\"}]}<\/script>\n<!-- \/ Yoast SEO plugin. -->","yoast_head_json":{"title":"\u201e\u017bu\u0142awskie Smaki\u201d, czyli ekologiczny jarmark w CH Osowa - Osowa","robots":{"index":"index","follow":"follow","max-snippet":"max-snippet:-1","max-image-preview":"max-image-preview:large","max-video-preview":"max-video-preview:-1"},"canonical":"https:\/\/chosowa.pl\/wydarzenia\/zulawskie-smaki-czyli-ekologiczny-jarmark-w-ch-osowa\/","og_locale":"en_US","og_type":"article","og_title":"\u201e\u017bu\u0142awskie Smaki\u201d, czyli ekologiczny jarmark w CH Osowa - Osowa","og_description":"Ju\u017c we wrze\u015bniu do CH Osowa powr\u00f3ci jarmark \u201e\u017bu\u0142awskie Smaki\u201d. Wiadomo\u015b\u0107 ta ucieszy z pewno\u015bci\u0105 wszystkich fan\u00f3w zdrowej i ekologicznej \u017cywno\u015bci. Lokalni producenci zaoferuj\u0105 wyroby, kt\u00f3re na co dzie\u0144 tworz\u0105 [&hellip;]","og_url":"https:\/\/chosowa.pl\/wydarzenia\/zulawskie-smaki-czyli-ekologiczny-jarmark-w-ch-osowa\/","og_site_name":"Osowa","article_publisher":"https:\/\/www.facebook.com\/CHOsowa","article_published_time":"2022-08-30T10:07:17+00:00","article_modified_time":"2022-08-30T11:53:03+00:00","og_image":[{"width":1200,"height":630,"url":"https:\/\/chosowa.pl\/wp-content\/uploads\/2019\/10\/open_graph_chosowa.jpg","type":"image\/jpeg"}],"author":"aadmin","twitter_card":"summary_large_image","twitter_misc":{"Written by":"aadmin","Est. reading time":"1 minute"},"schema":{"@context":"https:\/\/schema.org","@graph":[{"@type":"WebPage","@id":"https:\/\/chosowa.pl\/wydarzenia\/zulawskie-smaki-czyli-ekologiczny-jarmark-w-ch-osowa\/","url":"https:\/\/chosowa.pl\/wydarzenia\/zulawskie-smaki-czyli-ekologiczny-jarmark-w-ch-osowa\/","name":"\u201e\u017bu\u0142awskie Smaki\u201d, czyli ekologiczny jarmark w CH Osowa - Osowa","isPartOf":{"@id":"https:\/\/chosowa.pl\/ru\/#website"},"datePublished":"2022-08-30T10:07:17+00:00","dateModified":"2022-08-30T11:53:03+00:00","author":{"@id":"https:\/\/chosowa.pl\/ru\/#\/schema\/person\/15445b51bd45e4d72c2794a45adeb220"},"breadcrumb":{"@id":"https:\/\/chosowa.pl\/wydarzenia\/zulawskie-smaki-czyli-ekologiczny-jarmark-w-ch-osowa\/#breadcrumb"},"inLanguage":"en-US","potentialAction":[{"@type":"ReadAction","target":["https:\/\/chosowa.pl\/wydarzenia\/zulawskie-smaki-czyli-ekologiczny-jarmark-w-ch-osowa\/"]}]},{"@type":"BreadcrumbList","@id":"https:\/\/chosowa.pl\/wydarzenia\/zulawskie-smaki-czyli-ekologiczny-jarmark-w-ch-osowa\/#breadcrumb","itemListElement":[{"@type":"ListItem","position":1,"name":"Home page","item":"https:\/\/chosowa.pl\/en\/"},{"@type":"ListItem","position":2,"name":"Wydarzenia","item":"https:\/\/chosowa.pl\/.\/wydarzenia\/"},{"@type":"ListItem","position":3,"name":"\u201e\u017bu\u0142awskie Smaki\u201d, czyli ekologiczny jarmark w&nbsp;CH Osowa"}]},{"@type":"WebSite","@id":"https:\/\/chosowa.pl\/ru\/#website","url":"https:\/\/chosowa.pl\/ru\/","name":"Osowa","description":"Centrum Handlowe Osowa","potentialAction":[{"@type":"SearchAction","target":{"@type":"EntryPoint","urlTemplate":"https:\/\/chosowa.pl\/ru\/?s={search_term_string}"},"query-input":{"@type":"PropertyValueSpecification","valueRequired":true,"valueName":"search_term_string"}}],"inLanguage":"en-US"},{"@type":"Person","@id":"https:\/\/chosowa.pl\/ru\/#\/schema\/person\/15445b51bd45e4d72c2794a45adeb220","name":"aadmin"}]}},"_links":{"self":[{"href":"https:\/\/chosowa.pl\/en\/wp-json\/wp\/v2\/posts\/8514"}],"collection":[{"href":"https:\/\/chosowa.pl\/en\/wp-json\/wp\/v2\/posts"}],"about":[{"href":"https:\/\/chosowa.pl\/en\/wp-json\/wp\/v2\/types\/post"}],"author":[{"embeddable":true,"href":"https:\/\/chosowa.pl\/en\/wp-json\/wp\/v2\/users\/1"}],"replies":[{"embeddable":true,"href":"https:\/\/chosowa.pl\/en\/wp-json\/wp\/v2\/comments?post=8514"}],"version-history":[{"count":0,"href":"https:\/\/chosowa.pl\/en\/wp-json\/wp\/v2\/posts\/8514\/revisions"}],"wp:attachment":[{"href":"https:\/\/chosowa.pl\/en\/wp-json\/wp\/v2\/media?parent=8514"}],"wp:term":[{"taxonomy":"category","embeddable":true,"href":"https:\/\/chosowa.pl\/en\/wp-json\/wp\/v2\/categories?post=8514"},{"taxonomy":"post_tag","embeddable":true,"href":"https:\/\/chosowa.pl\/en\/wp-json\/wp\/v2\/tags?post=8514"}],"curies":[{"name":"wp","href":"https:\/\/api.w.org\/{rel}","templated":true}]}}