{"id":8438,"date":"2022-07-25T14:34:59","date_gmt":"2022-07-25T12:34:59","guid":{"rendered":"https:\/\/chosowa.pl\/?p=8438"},"modified":"2022-08-30T13:55:42","modified_gmt":"2022-08-30T11:55:42","slug":"morze-niejedno-ma-oblicze-ekspresje-baltyku-wystawa-fotografii-marcina-kolakowskiego","status":"publish","type":"post","link":"https:\/\/chosowa.pl\/en\/wydarzenia\/morze-niejedno-ma-oblicze-ekspresje-baltyku-wystawa-fotografii-marcina-kolakowskiego\/","title":{"rendered":"Morze niejedno ma oblicze. \u201eEkspresje Ba\u0142tyku\u201d &#8211; wystawa fotografii Marcina Ko\u0142akowskiego"},"content":{"rendered":"<p><strong>Morze niejedno ma oblicze. \u201eEkspresje Ba\u0142tyku\u201d &#8211; wystawa fotografii Marcina Ko\u0142akowskiego<\/strong><\/p>\n<p>Wakacje to idealny czas, aby podziwia\u0107 morze w r\u00f3\u017cnych jego ods\u0142onach. Wszystkich mi\u0142o\u015bnik\u00f3w nadmorskich krajobraz\u00f3w oraz sztuki zapraszamy na wystaw\u0119 fotografii \u201eEkspresje Ba\u0142tyku\u201d autorstwa znanego w Tr\u00f3jmie\u015bcie artysty, Marcina Ko\u0142akowskiego.<\/p>\n<p>Ju\u017c od poniedzia\u0142ku 25 lipca a\u017c do ko\u0144ca wakacji b\u0119dziecie mieli mo\u017cliwo\u015b\u0107 przyjrze\u0107 si\u0119 z bliska tym wyj\u0105tkowym kadrom. Wst\u0119p na wystaw\u0119 b\u0119dzie bezp\u0142atny.<\/p>\n<p>\u201eEkspresje Ba\u0142tyku\u201d to pejza\u017ce Morza Ba\u0142tyckiego z amorficznym \u015bwiat\u0142em, uzyskanym dzi\u0119ki fotografowaniu g\u0142\u00f3wnie o zmroku, na d\u0142ugich czasach na\u015bwietlania. Fotografie rejestruj\u0105 w ten spos\u00f3b szczeg\u00f3\u0142y, kt\u00f3rych ludzkie oko nie jest w stanie dostrzec.<\/p>\n<p>Wszystkie zdj\u0119cia zosta\u0142y wykonane wzd\u0142u\u017c wybrze\u017ca Morza Ba\u0142tyckiego od Piask\u00f3w do Ko\u0142obrzegu. Na wystawie znajd\u0105 si\u0119 kadry zarejestrowane w Gda\u0144sku, Gdyni, Rewie, Ku\u017anicy, Helu, Ple\u015bnej oraz w \u0141ebie. Artysta realizowa\u0142 sw\u00f3j projekt w latach 2020 i 2021, czyli w czasie trudnych pandemicznych chwil.<\/p>\n<p>Fotografie b\u0119dzie mo\u017cna ogl\u0105da\u0107 codziennie w godzinach otwarcia centrum, w lokalu obok salonu Carry. Wystawa jest darmowa i b\u0119dzie dost\u0119pna do 6 wrze\u015bnia.<\/p>\n<p>Zapraszamy!<\/p>\n<p>&#8212;&#8212;&#8212;&#8212;&#8212;&#8212;&#8212;&#8212;&#8212;&#8212;&#8212;&#8212;&#8212;&#8212;&#8212;&#8212;&#8212;&#8212;&#8212;&#8212;&#8212;&#8212;&#8212;&#8212;&#8212;&#8212;&#8212;&#8212;&#8212;&#8212;&#8212;&#8212;&#8212;<br \/>\nO autorze<br \/>\nMarcin Ko\u0142akowski &#8211; ur. w 1980 r. Z natury umys\u0142 \u015bcis\u0142y, z wykszta\u0142cenia ekonomista, z zawodu cz\u0142owiek IT. Fotograf amator, by\u0142y wieloletni prezes Studenckiej Agencji Fotograficznej Uniwersytetu Gda\u0144skiego, obecnie cz\u0142onek Gda\u0144skiego Towarzystwa Fotograficznego. Zafascynowany tw\u00f3rczo\u015bci\u0105 Richarda Avedona, Helmuta Newtona, Henriego Cartiera-Bressona. Ostatnio, poza fotografi\u0105 krajobrazow\u0105, jego najwi\u0119kszy entuzjazm wzbudza fotografia uliczna oraz portretowa, dla kt\u00f3rej przemierza Tr\u00f3jmiasto (i nie tylko) w poszukiwaniu idealnego kadru.<\/p>\n","protected":false},"excerpt":{"rendered":"<p>Morze niejedno ma oblicze. \u201eEkspresje Ba\u0142tyku\u201d &#8211; wystawa fotografii Marcina Ko\u0142akowskiego Wakacje to idealny czas, aby podziwia\u0107 morze w r\u00f3\u017cnych jego ods\u0142onach. Wszystkich mi\u0142o\u015bnik\u00f3w nadmorskich krajobraz\u00f3w oraz sztuki zapraszamy na [&hellip;]<\/p>\n","protected":false},"author":1,"featured_media":0,"comment_status":"closed","ping_status":"closed","sticky":false,"template":"","format":"standard","meta":{"_acf_changed":false,"footnotes":""},"categories":[15],"tags":[],"class_list":["post-8438","post","type-post","status-publish","format-standard","hentry","category-wydarzenia"],"acf":[],"yoast_head":"<!-- This site is optimized with the Yoast SEO plugin v23.6 - https:\/\/yoast.com\/wordpress\/plugins\/seo\/ -->\n<title>Morze niejedno ma oblicze. \u201eEkspresje Ba\u0142tyku\u201d - wystawa fotografii Marcina Ko\u0142akowskiego - Osowa<\/title>\n<meta name=\"robots\" content=\"index, follow, max-snippet:-1, max-image-preview:large, max-video-preview:-1\" \/>\n<link rel=\"canonical\" href=\"https:\/\/chosowa.pl\/wydarzenia\/morze-niejedno-ma-oblicze-ekspresje-baltyku-wystawa-fotografii-marcina-kolakowskiego\/\" \/>\n<meta property=\"og:locale\" content=\"en_US\" \/>\n<meta property=\"og:type\" content=\"article\" \/>\n<meta property=\"og:title\" content=\"Morze niejedno ma oblicze. \u201eEkspresje Ba\u0142tyku\u201d - wystawa fotografii Marcina Ko\u0142akowskiego - Osowa\" \/>\n<meta property=\"og:description\" content=\"Morze niejedno ma oblicze. \u201eEkspresje Ba\u0142tyku\u201d &#8211; wystawa fotografii Marcina Ko\u0142akowskiego Wakacje to idealny czas, aby podziwia\u0107 morze w r\u00f3\u017cnych jego ods\u0142onach. Wszystkich mi\u0142o\u015bnik\u00f3w nadmorskich krajobraz\u00f3w oraz sztuki zapraszamy na [&hellip;]\" \/>\n<meta property=\"og:url\" content=\"https:\/\/chosowa.pl\/wydarzenia\/morze-niejedno-ma-oblicze-ekspresje-baltyku-wystawa-fotografii-marcina-kolakowskiego\/\" \/>\n<meta property=\"og:site_name\" content=\"Osowa\" \/>\n<meta property=\"article:publisher\" content=\"https:\/\/www.facebook.com\/CHOsowa\" \/>\n<meta property=\"article:published_time\" content=\"2022-07-25T12:34:59+00:00\" \/>\n<meta property=\"article:modified_time\" content=\"2022-08-30T11:55:42+00:00\" \/>\n<meta property=\"og:image\" content=\"https:\/\/chosowa.pl\/wp-content\/uploads\/2019\/10\/open_graph_chosowa.jpg\" \/>\n\t<meta property=\"og:image:width\" content=\"1200\" \/>\n\t<meta property=\"og:image:height\" content=\"630\" \/>\n\t<meta property=\"og:image:type\" content=\"image\/jpeg\" \/>\n<meta name=\"author\" content=\"aadmin\" \/>\n<meta name=\"twitter:card\" content=\"summary_large_image\" \/>\n<meta name=\"twitter:label1\" content=\"Written by\" \/>\n\t<meta name=\"twitter:data1\" content=\"aadmin\" \/>\n\t<meta name=\"twitter:label2\" content=\"Est. reading time\" \/>\n\t<meta name=\"twitter:data2\" content=\"1 minute\" \/>\n<script type=\"application\/ld+json\" class=\"yoast-schema-graph\">{\"@context\":\"https:\/\/schema.org\",\"@graph\":[{\"@type\":\"WebPage\",\"@id\":\"https:\/\/chosowa.pl\/wydarzenia\/morze-niejedno-ma-oblicze-ekspresje-baltyku-wystawa-fotografii-marcina-kolakowskiego\/\",\"url\":\"https:\/\/chosowa.pl\/wydarzenia\/morze-niejedno-ma-oblicze-ekspresje-baltyku-wystawa-fotografii-marcina-kolakowskiego\/\",\"name\":\"Morze niejedno ma oblicze. \u201eEkspresje Ba\u0142tyku\u201d - wystawa fotografii Marcina Ko\u0142akowskiego - Osowa\",\"isPartOf\":{\"@id\":\"https:\/\/chosowa.pl\/ru\/#website\"},\"datePublished\":\"2022-07-25T12:34:59+00:00\",\"dateModified\":\"2022-08-30T11:55:42+00:00\",\"author\":{\"@id\":\"https:\/\/chosowa.pl\/ru\/#\/schema\/person\/15445b51bd45e4d72c2794a45adeb220\"},\"breadcrumb\":{\"@id\":\"https:\/\/chosowa.pl\/wydarzenia\/morze-niejedno-ma-oblicze-ekspresje-baltyku-wystawa-fotografii-marcina-kolakowskiego\/#breadcrumb\"},\"inLanguage\":\"en-US\",\"potentialAction\":[{\"@type\":\"ReadAction\",\"target\":[\"https:\/\/chosowa.pl\/wydarzenia\/morze-niejedno-ma-oblicze-ekspresje-baltyku-wystawa-fotografii-marcina-kolakowskiego\/\"]}]},{\"@type\":\"BreadcrumbList\",\"@id\":\"https:\/\/chosowa.pl\/wydarzenia\/morze-niejedno-ma-oblicze-ekspresje-baltyku-wystawa-fotografii-marcina-kolakowskiego\/#breadcrumb\",\"itemListElement\":[{\"@type\":\"ListItem\",\"position\":1,\"name\":\"Home page\",\"item\":\"https:\/\/chosowa.pl\/en\/\"},{\"@type\":\"ListItem\",\"position\":2,\"name\":\"Wydarzenia\",\"item\":\"https:\/\/chosowa.pl\/.\/wydarzenia\/\"},{\"@type\":\"ListItem\",\"position\":3,\"name\":\"Morze niejedno ma&nbsp;oblicze. \u201eEkspresje Ba\u0142tyku\u201d &#8211; wystawa fotografii Marcina Ko\u0142akowskiego\"}]},{\"@type\":\"WebSite\",\"@id\":\"https:\/\/chosowa.pl\/ru\/#website\",\"url\":\"https:\/\/chosowa.pl\/ru\/\",\"name\":\"Osowa\",\"description\":\"Centrum Handlowe Osowa\",\"potentialAction\":[{\"@type\":\"SearchAction\",\"target\":{\"@type\":\"EntryPoint\",\"urlTemplate\":\"https:\/\/chosowa.pl\/ru\/?s={search_term_string}\"},\"query-input\":{\"@type\":\"PropertyValueSpecification\",\"valueRequired\":true,\"valueName\":\"search_term_string\"}}],\"inLanguage\":\"en-US\"},{\"@type\":\"Person\",\"@id\":\"https:\/\/chosowa.pl\/ru\/#\/schema\/person\/15445b51bd45e4d72c2794a45adeb220\",\"name\":\"aadmin\"}]}<\/script>\n<!-- \/ Yoast SEO plugin. -->","yoast_head_json":{"title":"Morze niejedno ma oblicze. \u201eEkspresje Ba\u0142tyku\u201d - wystawa fotografii Marcina Ko\u0142akowskiego - Osowa","robots":{"index":"index","follow":"follow","max-snippet":"max-snippet:-1","max-image-preview":"max-image-preview:large","max-video-preview":"max-video-preview:-1"},"canonical":"https:\/\/chosowa.pl\/wydarzenia\/morze-niejedno-ma-oblicze-ekspresje-baltyku-wystawa-fotografii-marcina-kolakowskiego\/","og_locale":"en_US","og_type":"article","og_title":"Morze niejedno ma oblicze. \u201eEkspresje Ba\u0142tyku\u201d - wystawa fotografii Marcina Ko\u0142akowskiego - Osowa","og_description":"Morze niejedno ma oblicze. \u201eEkspresje Ba\u0142tyku\u201d &#8211; wystawa fotografii Marcina Ko\u0142akowskiego Wakacje to idealny czas, aby podziwia\u0107 morze w r\u00f3\u017cnych jego ods\u0142onach. Wszystkich mi\u0142o\u015bnik\u00f3w nadmorskich krajobraz\u00f3w oraz sztuki zapraszamy na [&hellip;]","og_url":"https:\/\/chosowa.pl\/wydarzenia\/morze-niejedno-ma-oblicze-ekspresje-baltyku-wystawa-fotografii-marcina-kolakowskiego\/","og_site_name":"Osowa","article_publisher":"https:\/\/www.facebook.com\/CHOsowa","article_published_time":"2022-07-25T12:34:59+00:00","article_modified_time":"2022-08-30T11:55:42+00:00","og_image":[{"width":1200,"height":630,"url":"https:\/\/chosowa.pl\/wp-content\/uploads\/2019\/10\/open_graph_chosowa.jpg","type":"image\/jpeg"}],"author":"aadmin","twitter_card":"summary_large_image","twitter_misc":{"Written by":"aadmin","Est. reading time":"1 minute"},"schema":{"@context":"https:\/\/schema.org","@graph":[{"@type":"WebPage","@id":"https:\/\/chosowa.pl\/wydarzenia\/morze-niejedno-ma-oblicze-ekspresje-baltyku-wystawa-fotografii-marcina-kolakowskiego\/","url":"https:\/\/chosowa.pl\/wydarzenia\/morze-niejedno-ma-oblicze-ekspresje-baltyku-wystawa-fotografii-marcina-kolakowskiego\/","name":"Morze niejedno ma oblicze. \u201eEkspresje Ba\u0142tyku\u201d - wystawa fotografii Marcina Ko\u0142akowskiego - Osowa","isPartOf":{"@id":"https:\/\/chosowa.pl\/ru\/#website"},"datePublished":"2022-07-25T12:34:59+00:00","dateModified":"2022-08-30T11:55:42+00:00","author":{"@id":"https:\/\/chosowa.pl\/ru\/#\/schema\/person\/15445b51bd45e4d72c2794a45adeb220"},"breadcrumb":{"@id":"https:\/\/chosowa.pl\/wydarzenia\/morze-niejedno-ma-oblicze-ekspresje-baltyku-wystawa-fotografii-marcina-kolakowskiego\/#breadcrumb"},"inLanguage":"en-US","potentialAction":[{"@type":"ReadAction","target":["https:\/\/chosowa.pl\/wydarzenia\/morze-niejedno-ma-oblicze-ekspresje-baltyku-wystawa-fotografii-marcina-kolakowskiego\/"]}]},{"@type":"BreadcrumbList","@id":"https:\/\/chosowa.pl\/wydarzenia\/morze-niejedno-ma-oblicze-ekspresje-baltyku-wystawa-fotografii-marcina-kolakowskiego\/#breadcrumb","itemListElement":[{"@type":"ListItem","position":1,"name":"Home page","item":"https:\/\/chosowa.pl\/en\/"},{"@type":"ListItem","position":2,"name":"Wydarzenia","item":"https:\/\/chosowa.pl\/.\/wydarzenia\/"},{"@type":"ListItem","position":3,"name":"Morze niejedno ma&nbsp;oblicze. \u201eEkspresje Ba\u0142tyku\u201d &#8211; wystawa fotografii Marcina Ko\u0142akowskiego"}]},{"@type":"WebSite","@id":"https:\/\/chosowa.pl\/ru\/#website","url":"https:\/\/chosowa.pl\/ru\/","name":"Osowa","description":"Centrum Handlowe Osowa","potentialAction":[{"@type":"SearchAction","target":{"@type":"EntryPoint","urlTemplate":"https:\/\/chosowa.pl\/ru\/?s={search_term_string}"},"query-input":{"@type":"PropertyValueSpecification","valueRequired":true,"valueName":"search_term_string"}}],"inLanguage":"en-US"},{"@type":"Person","@id":"https:\/\/chosowa.pl\/ru\/#\/schema\/person\/15445b51bd45e4d72c2794a45adeb220","name":"aadmin"}]}},"_links":{"self":[{"href":"https:\/\/chosowa.pl\/en\/wp-json\/wp\/v2\/posts\/8438"}],"collection":[{"href":"https:\/\/chosowa.pl\/en\/wp-json\/wp\/v2\/posts"}],"about":[{"href":"https:\/\/chosowa.pl\/en\/wp-json\/wp\/v2\/types\/post"}],"author":[{"embeddable":true,"href":"https:\/\/chosowa.pl\/en\/wp-json\/wp\/v2\/users\/1"}],"replies":[{"embeddable":true,"href":"https:\/\/chosowa.pl\/en\/wp-json\/wp\/v2\/comments?post=8438"}],"version-history":[{"count":0,"href":"https:\/\/chosowa.pl\/en\/wp-json\/wp\/v2\/posts\/8438\/revisions"}],"wp:attachment":[{"href":"https:\/\/chosowa.pl\/en\/wp-json\/wp\/v2\/media?parent=8438"}],"wp:term":[{"taxonomy":"category","embeddable":true,"href":"https:\/\/chosowa.pl\/en\/wp-json\/wp\/v2\/categories?post=8438"},{"taxonomy":"post_tag","embeddable":true,"href":"https:\/\/chosowa.pl\/en\/wp-json\/wp\/v2\/tags?post=8438"}],"curies":[{"name":"wp","href":"https:\/\/api.w.org\/{rel}","templated":true}]}}