{"id":7281,"date":"2021-11-22T12:54:44","date_gmt":"2021-11-22T11:54:44","guid":{"rendered":"https:\/\/chosowa.pl\/?p=7281"},"modified":"2021-11-23T11:44:07","modified_gmt":"2021-11-23T10:44:07","slug":"konkurs-foto","status":"publish","type":"post","link":"https:\/\/chosowa.pl\/en\/wydarzenia\/konkurs-foto\/","title":{"rendered":"Konkurs FOTO"},"content":{"rendered":"<p>Czekacie ju\u017c na promocj\u0119 BLACK WEEK?<br \/>\nPolujecie na czarn\u0105 czapk\u0119 z kotem? My ju\u017c j\u0105 widzieli\u015bmy. Jest super mi\u0119kka i ciep\u0142a i ma te wyj\u0105tkow\u0105 naszywk\u0119 wg projektu Magdaleny Giesek. Nasza artystka jest autork\u0105 znakomitych dzie\u0142, kt\u00f3re charakteryzuje r\u00f3\u017cnorodno\u015b\u0107 kolor\u00f3w oraz niezwyk\u0142o\u015b\u0107 kszta\u0142t\u00f3w. Tw\u00f3rczyni zwi\u0105zana jest silnie z Gda\u0144skiem, a w jej pracach cz\u0119sto mo\u017cemy zauwa\u017cy\u0107 motywy zwi\u0105zane z tr\u00f3jmiastem.<br \/>\nKot \u2013 wiadomo \u2013 to symboliczne i artystyczne nawi\u0105zanie do troski, jak\u0105 CH Osowa otacza te zwierz\u0119ta. Czapka z kotem to model, kt\u00f3rego nie mo\u017cna dosta\u0107 w sprzeda\u017cy, jest to wyj\u0105tkowy unikat tylko dla uczestnik\u00f3w naszej promocji.<\/p>\n<p>Ju\u017c teraz namawiamy aby\u015bcie zaplanowali fotk\u0119 i pokazali nam si\u0119 w swoich czapkach! Mo\u017cna wygra\u0107 karty podarunkowe na kolejne zakupy. Aby wzi\u0105\u0107 udzia\u0142 w konkursie nale\u017cy zrobi\u0107 zdj\u0119cie w czapce z kotem i zamie\u015bci\u0107 fotk\u0119 pod postem konkursowym na naszym fanpage\u2019u. Fotografia mo\u017ce by\u0107 wykonana aparatem, tabletem lub smartfonem! Konkurs trwa od 23 do 30 listopada. Regulamin dost\u0119pny pod linkiem. Do wygrania s\u0105 3 karty do wykorzystania w sklepach centrum handlowego o warto\u015bci 100 z\u0142 ka\u017cda.<\/p>\n<p>Czas, start!<\/p>\n<p>\u017byczymy powodzenia w konkursie!<\/p>\n<p>Regulamin konkursu dost\u0119pny jest <a href=\"https:\/\/chosowa.pl\/wp-content\/uploads\/2021\/11\/regulamin_z-kotkiem-mi-do-twarzy_chosowa_konkurs-3.pdf\" target=\"_blank\" rel=\"noopener noreferrer\"><span style=\"text-decoration: underline;\"><strong>tutaj.<\/strong><\/span><\/a><\/p>\n","protected":false},"excerpt":{"rendered":"<p>Czekacie ju\u017c na promocj\u0119 BLACK WEEK? Polujecie na czarn\u0105 czapk\u0119 z kotem? My ju\u017c j\u0105 widzieli\u015bmy. Jest super mi\u0119kka i ciep\u0142a i ma te wyj\u0105tkow\u0105 naszywk\u0119 wg projektu Magdaleny Giesek. [&hellip;]<\/p>\n","protected":false},"author":1,"featured_media":0,"comment_status":"closed","ping_status":"closed","sticky":false,"template":"","format":"standard","meta":{"_acf_changed":false,"footnotes":""},"categories":[15],"tags":[],"class_list":["post-7281","post","type-post","status-publish","format-standard","hentry","category-wydarzenia"],"acf":[],"yoast_head":"<!-- This site is optimized with the Yoast SEO plugin v23.6 - https:\/\/yoast.com\/wordpress\/plugins\/seo\/ -->\n<title>Konkurs FOTO - Osowa<\/title>\n<meta name=\"robots\" content=\"index, follow, max-snippet:-1, max-image-preview:large, max-video-preview:-1\" \/>\n<link rel=\"canonical\" href=\"https:\/\/chosowa.pl\/wydarzenia\/konkurs-foto\/\" \/>\n<meta property=\"og:locale\" content=\"en_US\" \/>\n<meta property=\"og:type\" content=\"article\" \/>\n<meta property=\"og:title\" content=\"Konkurs FOTO - Osowa\" \/>\n<meta property=\"og:description\" content=\"Czekacie ju\u017c na promocj\u0119 BLACK WEEK? Polujecie na czarn\u0105 czapk\u0119 z kotem? My ju\u017c j\u0105 widzieli\u015bmy. Jest super mi\u0119kka i ciep\u0142a i ma te wyj\u0105tkow\u0105 naszywk\u0119 wg projektu Magdaleny Giesek. [&hellip;]\" \/>\n<meta property=\"og:url\" content=\"https:\/\/chosowa.pl\/wydarzenia\/konkurs-foto\/\" \/>\n<meta property=\"og:site_name\" content=\"Osowa\" \/>\n<meta property=\"article:publisher\" content=\"https:\/\/www.facebook.com\/CHOsowa\" \/>\n<meta property=\"article:published_time\" content=\"2021-11-22T11:54:44+00:00\" \/>\n<meta property=\"article:modified_time\" content=\"2021-11-23T10:44:07+00:00\" \/>\n<meta property=\"og:image\" content=\"https:\/\/chosowa.pl\/wp-content\/uploads\/2019\/10\/open_graph_chosowa.jpg\" \/>\n\t<meta property=\"og:image:width\" content=\"1200\" \/>\n\t<meta property=\"og:image:height\" content=\"630\" \/>\n\t<meta property=\"og:image:type\" content=\"image\/jpeg\" \/>\n<meta name=\"author\" content=\"aadmin\" \/>\n<meta name=\"twitter:card\" content=\"summary_large_image\" \/>\n<meta name=\"twitter:label1\" content=\"Written by\" \/>\n\t<meta name=\"twitter:data1\" content=\"aadmin\" \/>\n\t<meta name=\"twitter:label2\" content=\"Est. reading time\" \/>\n\t<meta name=\"twitter:data2\" content=\"1 minute\" \/>\n<script type=\"application\/ld+json\" class=\"yoast-schema-graph\">{\"@context\":\"https:\/\/schema.org\",\"@graph\":[{\"@type\":\"WebPage\",\"@id\":\"https:\/\/chosowa.pl\/wydarzenia\/konkurs-foto\/\",\"url\":\"https:\/\/chosowa.pl\/wydarzenia\/konkurs-foto\/\",\"name\":\"Konkurs FOTO - Osowa\",\"isPartOf\":{\"@id\":\"https:\/\/chosowa.pl\/ru\/#website\"},\"datePublished\":\"2021-11-22T11:54:44+00:00\",\"dateModified\":\"2021-11-23T10:44:07+00:00\",\"author\":{\"@id\":\"https:\/\/chosowa.pl\/ru\/#\/schema\/person\/15445b51bd45e4d72c2794a45adeb220\"},\"breadcrumb\":{\"@id\":\"https:\/\/chosowa.pl\/wydarzenia\/konkurs-foto\/#breadcrumb\"},\"inLanguage\":\"en-US\",\"potentialAction\":[{\"@type\":\"ReadAction\",\"target\":[\"https:\/\/chosowa.pl\/wydarzenia\/konkurs-foto\/\"]}]},{\"@type\":\"BreadcrumbList\",\"@id\":\"https:\/\/chosowa.pl\/wydarzenia\/konkurs-foto\/#breadcrumb\",\"itemListElement\":[{\"@type\":\"ListItem\",\"position\":1,\"name\":\"Home page\",\"item\":\"https:\/\/chosowa.pl\/en\/\"},{\"@type\":\"ListItem\",\"position\":2,\"name\":\"Wydarzenia\",\"item\":\"https:\/\/chosowa.pl\/.\/wydarzenia\/\"},{\"@type\":\"ListItem\",\"position\":3,\"name\":\"Konkurs FOTO\"}]},{\"@type\":\"WebSite\",\"@id\":\"https:\/\/chosowa.pl\/ru\/#website\",\"url\":\"https:\/\/chosowa.pl\/ru\/\",\"name\":\"Osowa\",\"description\":\"Centrum Handlowe Osowa\",\"potentialAction\":[{\"@type\":\"SearchAction\",\"target\":{\"@type\":\"EntryPoint\",\"urlTemplate\":\"https:\/\/chosowa.pl\/ru\/?s={search_term_string}\"},\"query-input\":{\"@type\":\"PropertyValueSpecification\",\"valueRequired\":true,\"valueName\":\"search_term_string\"}}],\"inLanguage\":\"en-US\"},{\"@type\":\"Person\",\"@id\":\"https:\/\/chosowa.pl\/ru\/#\/schema\/person\/15445b51bd45e4d72c2794a45adeb220\",\"name\":\"aadmin\"}]}<\/script>\n<!-- \/ Yoast SEO plugin. -->","yoast_head_json":{"title":"Konkurs FOTO - Osowa","robots":{"index":"index","follow":"follow","max-snippet":"max-snippet:-1","max-image-preview":"max-image-preview:large","max-video-preview":"max-video-preview:-1"},"canonical":"https:\/\/chosowa.pl\/wydarzenia\/konkurs-foto\/","og_locale":"en_US","og_type":"article","og_title":"Konkurs FOTO - Osowa","og_description":"Czekacie ju\u017c na promocj\u0119 BLACK WEEK? Polujecie na czarn\u0105 czapk\u0119 z kotem? My ju\u017c j\u0105 widzieli\u015bmy. Jest super mi\u0119kka i ciep\u0142a i ma te wyj\u0105tkow\u0105 naszywk\u0119 wg projektu Magdaleny Giesek. [&hellip;]","og_url":"https:\/\/chosowa.pl\/wydarzenia\/konkurs-foto\/","og_site_name":"Osowa","article_publisher":"https:\/\/www.facebook.com\/CHOsowa","article_published_time":"2021-11-22T11:54:44+00:00","article_modified_time":"2021-11-23T10:44:07+00:00","og_image":[{"width":1200,"height":630,"url":"https:\/\/chosowa.pl\/wp-content\/uploads\/2019\/10\/open_graph_chosowa.jpg","type":"image\/jpeg"}],"author":"aadmin","twitter_card":"summary_large_image","twitter_misc":{"Written by":"aadmin","Est. reading time":"1 minute"},"schema":{"@context":"https:\/\/schema.org","@graph":[{"@type":"WebPage","@id":"https:\/\/chosowa.pl\/wydarzenia\/konkurs-foto\/","url":"https:\/\/chosowa.pl\/wydarzenia\/konkurs-foto\/","name":"Konkurs FOTO - Osowa","isPartOf":{"@id":"https:\/\/chosowa.pl\/ru\/#website"},"datePublished":"2021-11-22T11:54:44+00:00","dateModified":"2021-11-23T10:44:07+00:00","author":{"@id":"https:\/\/chosowa.pl\/ru\/#\/schema\/person\/15445b51bd45e4d72c2794a45adeb220"},"breadcrumb":{"@id":"https:\/\/chosowa.pl\/wydarzenia\/konkurs-foto\/#breadcrumb"},"inLanguage":"en-US","potentialAction":[{"@type":"ReadAction","target":["https:\/\/chosowa.pl\/wydarzenia\/konkurs-foto\/"]}]},{"@type":"BreadcrumbList","@id":"https:\/\/chosowa.pl\/wydarzenia\/konkurs-foto\/#breadcrumb","itemListElement":[{"@type":"ListItem","position":1,"name":"Home page","item":"https:\/\/chosowa.pl\/en\/"},{"@type":"ListItem","position":2,"name":"Wydarzenia","item":"https:\/\/chosowa.pl\/.\/wydarzenia\/"},{"@type":"ListItem","position":3,"name":"Konkurs FOTO"}]},{"@type":"WebSite","@id":"https:\/\/chosowa.pl\/ru\/#website","url":"https:\/\/chosowa.pl\/ru\/","name":"Osowa","description":"Centrum Handlowe Osowa","potentialAction":[{"@type":"SearchAction","target":{"@type":"EntryPoint","urlTemplate":"https:\/\/chosowa.pl\/ru\/?s={search_term_string}"},"query-input":{"@type":"PropertyValueSpecification","valueRequired":true,"valueName":"search_term_string"}}],"inLanguage":"en-US"},{"@type":"Person","@id":"https:\/\/chosowa.pl\/ru\/#\/schema\/person\/15445b51bd45e4d72c2794a45adeb220","name":"aadmin"}]}},"_links":{"self":[{"href":"https:\/\/chosowa.pl\/en\/wp-json\/wp\/v2\/posts\/7281"}],"collection":[{"href":"https:\/\/chosowa.pl\/en\/wp-json\/wp\/v2\/posts"}],"about":[{"href":"https:\/\/chosowa.pl\/en\/wp-json\/wp\/v2\/types\/post"}],"author":[{"embeddable":true,"href":"https:\/\/chosowa.pl\/en\/wp-json\/wp\/v2\/users\/1"}],"replies":[{"embeddable":true,"href":"https:\/\/chosowa.pl\/en\/wp-json\/wp\/v2\/comments?post=7281"}],"version-history":[{"count":0,"href":"https:\/\/chosowa.pl\/en\/wp-json\/wp\/v2\/posts\/7281\/revisions"}],"wp:attachment":[{"href":"https:\/\/chosowa.pl\/en\/wp-json\/wp\/v2\/media?parent=7281"}],"wp:term":[{"taxonomy":"category","embeddable":true,"href":"https:\/\/chosowa.pl\/en\/wp-json\/wp\/v2\/categories?post=7281"},{"taxonomy":"post_tag","embeddable":true,"href":"https:\/\/chosowa.pl\/en\/wp-json\/wp\/v2\/tags?post=7281"}],"curies":[{"name":"wp","href":"https:\/\/api.w.org\/{rel}","templated":true}]}}