{"id":5165,"date":"2020-11-25T14:26:04","date_gmt":"2020-11-25T13:26:04","guid":{"rendered":"https:\/\/chosowa.pl\/?p=5165"},"modified":"2020-11-25T14:26:04","modified_gmt":"2020-11-25T13:26:04","slug":"ponowne-otwarcie-galerii-handlowych-i-przedswiateczne-zakupy-z-ch-osowa","status":"publish","type":"post","link":"https:\/\/chosowa.pl\/en\/wydarzenia\/ponowne-otwarcie-galerii-handlowych-i-przedswiateczne-zakupy-z-ch-osowa\/","title":{"rendered":"Ponowne otwarcie galerii handlowych i przed\u015bwi\u0105teczne zakupy z CH Osowa"},"content":{"rendered":"<p>Z przyjemno\u015bci\u0105 informujemy, \u017ce od soboty 28 listopada sklepy w naszym centrum b\u0119d\u0105 ponownie otwarte \u2013 oczywi\u015bcie z zachowaniem wszystkich zasad bezpiecze\u0144stwa.<\/p>\n<p>Cieszymy si\u0119, \u017ce mo\u017cemy ponownie zaprosi\u0107 Was do naszych sklep\u00f3w i to w takim wyj\u0105tkowym czasie. Ju\u017c wkr\u00f3tce \u015awi\u0119ta Bo\u017cego Narodzenia, wi\u0119c aby dobrze zaplanowa\u0107 zakupy na \u015bwi\u0105teczne gotowanie oraz upominki pod choink\u0105, proponujemy roz\u0142o\u017cy\u0107 sobie zakupy na kilka tygodni przed, co ju\u017c jest mo\u017cliwe.<\/p>\n<p>Ju\u017c teraz zapraszamy do odwiedzenia naszych sklep\u00f3w i sprawdzenie najnowszych promocji od najbli\u017cszej soboty. Znajdziecie na pewno mn\u00f3stwo prezentowych inspiracji i zrobicie bezpieczne przed\u015bwi\u0105teczne zakupy. Najnowsze pozycje ksi\u0105\u017ckowe, modne kolekcje ubra\u0144, bi\u017cuteria i sprz\u0119t elektroniczny to typowe, \u015bwi\u0105teczne prezenty. Warto doda\u0107, \u017ce 27 listopada przypada Black Friday, wi\u0119c z pewno\u015bci\u0105 nasze sklepy zaskocz\u0105 Was ogromnymi rabatami.<\/p>\n<p>Zapraszamy te\u017c do zamawiania tradycyjnych \u015bwi\u0105tecznych wypiek\u00f3w, kt\u00f3re \u015bwietnie zaprezentuj\u0105 si\u0119 na Waszych sto\u0142ach. Cukiernia Sowa oraz Cukiernia Raszczyk oferuje r\u00f3\u017cnorodny wyb\u00f3r pysznych ciast, kt\u00f3re mo\u017cna zam\u00f3wi\u0107 i odebra\u0107 na miejscu lub poprzez dow\u00f3z.<\/p>\n<p>Po udanych zakupach dobrze jest na\u0142adowa\u0107 baterie, dlatego zapraszamy do restauracji McDonalds i Zen Thai gdzie dania mo\u017cecie zabra\u0107 ze sob\u0105 do dom\u00f3w, na wynos.<\/p>\n<p>Przypominamy, \u017ce od poniedzia\u0142ku do pi\u0105tku w godz. 10:00 \u2013 12:00 w sklepach spo\u017cywczych, aptece, drogerieach i punkcie pocztowym obowi\u0105zuj\u0105 tzw. godziny dla senior\u00f3w.<\/p>\n<p>Podczas wizyt w CH Osowa dbajmy o siebie wzajemnie i pami\u0119tajmy o dezynfekcji r\u0105k, zas\u0142anianiu ust i nosa, zachowaniu dystansu spo\u0142ecznego, przestrzeganiu ogranicze\u0144 co do liczby os\u00f3b, kt\u00f3re mog\u0105 przebywa\u0107 w danym sklepie jednocze\u015bnie (ka\u017cdy lokal posiada informacj\u0119 przy wej\u015bciu). Ca\u0142a za\u0142oga naszego centrum ka\u017cdego dnia dba o najwy\u017cszy standard Waszego bezpiecze\u0144stwa, aby powr\u00f3t na zakupy by\u0142 jak najbardziej udany.<br \/>\nSerdecznie zapraszamy na bezpieczne zakupy!<\/p>\n<p>#bezpiecznezakupy #\u015bwi\u0119tazCHOsowa<\/p>\n","protected":false},"excerpt":{"rendered":"<p>Z przyjemno\u015bci\u0105 informujemy, \u017ce od soboty 28 listopada sklepy w naszym centrum b\u0119d\u0105 ponownie otwarte \u2013 oczywi\u015bcie z zachowaniem wszystkich zasad bezpiecze\u0144stwa. Cieszymy si\u0119, \u017ce mo\u017cemy ponownie zaprosi\u0107 Was do [&hellip;]<\/p>\n","protected":false},"author":1,"featured_media":0,"comment_status":"closed","ping_status":"closed","sticky":false,"template":"","format":"standard","meta":{"_acf_changed":false,"footnotes":""},"categories":[15],"tags":[],"class_list":["post-5165","post","type-post","status-publish","format-standard","hentry","category-wydarzenia"],"acf":[],"yoast_head":"<!-- This site is optimized with the Yoast SEO plugin v23.6 - https:\/\/yoast.com\/wordpress\/plugins\/seo\/ -->\n<title>Ponowne otwarcie galerii handlowych i przed\u015bwi\u0105teczne zakupy z CH Osowa - Osowa<\/title>\n<meta name=\"robots\" content=\"index, follow, max-snippet:-1, max-image-preview:large, max-video-preview:-1\" \/>\n<link rel=\"canonical\" href=\"https:\/\/chosowa.pl\/wydarzenia\/ponowne-otwarcie-galerii-handlowych-i-przedswiateczne-zakupy-z-ch-osowa\/\" \/>\n<meta property=\"og:locale\" content=\"en_US\" \/>\n<meta property=\"og:type\" content=\"article\" \/>\n<meta property=\"og:title\" content=\"Ponowne otwarcie galerii handlowych i przed\u015bwi\u0105teczne zakupy z CH Osowa - Osowa\" \/>\n<meta property=\"og:description\" content=\"Z przyjemno\u015bci\u0105 informujemy, \u017ce od soboty 28 listopada sklepy w naszym centrum b\u0119d\u0105 ponownie otwarte \u2013 oczywi\u015bcie z zachowaniem wszystkich zasad bezpiecze\u0144stwa. Cieszymy si\u0119, \u017ce mo\u017cemy ponownie zaprosi\u0107 Was do [&hellip;]\" \/>\n<meta property=\"og:url\" content=\"https:\/\/chosowa.pl\/wydarzenia\/ponowne-otwarcie-galerii-handlowych-i-przedswiateczne-zakupy-z-ch-osowa\/\" \/>\n<meta property=\"og:site_name\" content=\"Osowa\" \/>\n<meta property=\"article:publisher\" content=\"https:\/\/www.facebook.com\/CHOsowa\" \/>\n<meta property=\"article:published_time\" content=\"2020-11-25T13:26:04+00:00\" \/>\n<meta property=\"og:image\" content=\"https:\/\/chosowa.pl\/wp-content\/uploads\/2019\/10\/open_graph_chosowa.jpg\" \/>\n\t<meta property=\"og:image:width\" content=\"1200\" \/>\n\t<meta property=\"og:image:height\" content=\"630\" \/>\n\t<meta property=\"og:image:type\" content=\"image\/jpeg\" \/>\n<meta name=\"author\" content=\"aadmin\" \/>\n<meta name=\"twitter:card\" content=\"summary_large_image\" \/>\n<meta name=\"twitter:label1\" content=\"Written by\" \/>\n\t<meta name=\"twitter:data1\" content=\"aadmin\" \/>\n\t<meta name=\"twitter:label2\" content=\"Est. reading time\" \/>\n\t<meta name=\"twitter:data2\" content=\"2 minutes\" \/>\n<script type=\"application\/ld+json\" class=\"yoast-schema-graph\">{\"@context\":\"https:\/\/schema.org\",\"@graph\":[{\"@type\":\"WebPage\",\"@id\":\"https:\/\/chosowa.pl\/wydarzenia\/ponowne-otwarcie-galerii-handlowych-i-przedswiateczne-zakupy-z-ch-osowa\/\",\"url\":\"https:\/\/chosowa.pl\/wydarzenia\/ponowne-otwarcie-galerii-handlowych-i-przedswiateczne-zakupy-z-ch-osowa\/\",\"name\":\"Ponowne otwarcie galerii handlowych i przed\u015bwi\u0105teczne zakupy z CH Osowa - Osowa\",\"isPartOf\":{\"@id\":\"https:\/\/chosowa.pl\/ru\/#website\"},\"datePublished\":\"2020-11-25T13:26:04+00:00\",\"dateModified\":\"2020-11-25T13:26:04+00:00\",\"author\":{\"@id\":\"https:\/\/chosowa.pl\/ru\/#\/schema\/person\/15445b51bd45e4d72c2794a45adeb220\"},\"breadcrumb\":{\"@id\":\"https:\/\/chosowa.pl\/wydarzenia\/ponowne-otwarcie-galerii-handlowych-i-przedswiateczne-zakupy-z-ch-osowa\/#breadcrumb\"},\"inLanguage\":\"en-US\",\"potentialAction\":[{\"@type\":\"ReadAction\",\"target\":[\"https:\/\/chosowa.pl\/wydarzenia\/ponowne-otwarcie-galerii-handlowych-i-przedswiateczne-zakupy-z-ch-osowa\/\"]}]},{\"@type\":\"BreadcrumbList\",\"@id\":\"https:\/\/chosowa.pl\/wydarzenia\/ponowne-otwarcie-galerii-handlowych-i-przedswiateczne-zakupy-z-ch-osowa\/#breadcrumb\",\"itemListElement\":[{\"@type\":\"ListItem\",\"position\":1,\"name\":\"Home page\",\"item\":\"https:\/\/chosowa.pl\/en\/\"},{\"@type\":\"ListItem\",\"position\":2,\"name\":\"Wydarzenia\",\"item\":\"https:\/\/chosowa.pl\/.\/wydarzenia\/\"},{\"@type\":\"ListItem\",\"position\":3,\"name\":\"Ponowne otwarcie galerii handlowych i&nbsp;przed\u015bwi\u0105teczne zakupy z&nbsp;CH Osowa\"}]},{\"@type\":\"WebSite\",\"@id\":\"https:\/\/chosowa.pl\/ru\/#website\",\"url\":\"https:\/\/chosowa.pl\/ru\/\",\"name\":\"Osowa\",\"description\":\"Centrum Handlowe Osowa\",\"potentialAction\":[{\"@type\":\"SearchAction\",\"target\":{\"@type\":\"EntryPoint\",\"urlTemplate\":\"https:\/\/chosowa.pl\/ru\/?s={search_term_string}\"},\"query-input\":{\"@type\":\"PropertyValueSpecification\",\"valueRequired\":true,\"valueName\":\"search_term_string\"}}],\"inLanguage\":\"en-US\"},{\"@type\":\"Person\",\"@id\":\"https:\/\/chosowa.pl\/ru\/#\/schema\/person\/15445b51bd45e4d72c2794a45adeb220\",\"name\":\"aadmin\"}]}<\/script>\n<!-- \/ Yoast SEO plugin. -->","yoast_head_json":{"title":"Ponowne otwarcie galerii handlowych i przed\u015bwi\u0105teczne zakupy z CH Osowa - Osowa","robots":{"index":"index","follow":"follow","max-snippet":"max-snippet:-1","max-image-preview":"max-image-preview:large","max-video-preview":"max-video-preview:-1"},"canonical":"https:\/\/chosowa.pl\/wydarzenia\/ponowne-otwarcie-galerii-handlowych-i-przedswiateczne-zakupy-z-ch-osowa\/","og_locale":"en_US","og_type":"article","og_title":"Ponowne otwarcie galerii handlowych i przed\u015bwi\u0105teczne zakupy z CH Osowa - Osowa","og_description":"Z przyjemno\u015bci\u0105 informujemy, \u017ce od soboty 28 listopada sklepy w naszym centrum b\u0119d\u0105 ponownie otwarte \u2013 oczywi\u015bcie z zachowaniem wszystkich zasad bezpiecze\u0144stwa. Cieszymy si\u0119, \u017ce mo\u017cemy ponownie zaprosi\u0107 Was do [&hellip;]","og_url":"https:\/\/chosowa.pl\/wydarzenia\/ponowne-otwarcie-galerii-handlowych-i-przedswiateczne-zakupy-z-ch-osowa\/","og_site_name":"Osowa","article_publisher":"https:\/\/www.facebook.com\/CHOsowa","article_published_time":"2020-11-25T13:26:04+00:00","og_image":[{"width":1200,"height":630,"url":"https:\/\/chosowa.pl\/wp-content\/uploads\/2019\/10\/open_graph_chosowa.jpg","type":"image\/jpeg"}],"author":"aadmin","twitter_card":"summary_large_image","twitter_misc":{"Written by":"aadmin","Est. reading time":"2 minutes"},"schema":{"@context":"https:\/\/schema.org","@graph":[{"@type":"WebPage","@id":"https:\/\/chosowa.pl\/wydarzenia\/ponowne-otwarcie-galerii-handlowych-i-przedswiateczne-zakupy-z-ch-osowa\/","url":"https:\/\/chosowa.pl\/wydarzenia\/ponowne-otwarcie-galerii-handlowych-i-przedswiateczne-zakupy-z-ch-osowa\/","name":"Ponowne otwarcie galerii handlowych i przed\u015bwi\u0105teczne zakupy z CH Osowa - Osowa","isPartOf":{"@id":"https:\/\/chosowa.pl\/ru\/#website"},"datePublished":"2020-11-25T13:26:04+00:00","dateModified":"2020-11-25T13:26:04+00:00","author":{"@id":"https:\/\/chosowa.pl\/ru\/#\/schema\/person\/15445b51bd45e4d72c2794a45adeb220"},"breadcrumb":{"@id":"https:\/\/chosowa.pl\/wydarzenia\/ponowne-otwarcie-galerii-handlowych-i-przedswiateczne-zakupy-z-ch-osowa\/#breadcrumb"},"inLanguage":"en-US","potentialAction":[{"@type":"ReadAction","target":["https:\/\/chosowa.pl\/wydarzenia\/ponowne-otwarcie-galerii-handlowych-i-przedswiateczne-zakupy-z-ch-osowa\/"]}]},{"@type":"BreadcrumbList","@id":"https:\/\/chosowa.pl\/wydarzenia\/ponowne-otwarcie-galerii-handlowych-i-przedswiateczne-zakupy-z-ch-osowa\/#breadcrumb","itemListElement":[{"@type":"ListItem","position":1,"name":"Home page","item":"https:\/\/chosowa.pl\/en\/"},{"@type":"ListItem","position":2,"name":"Wydarzenia","item":"https:\/\/chosowa.pl\/.\/wydarzenia\/"},{"@type":"ListItem","position":3,"name":"Ponowne otwarcie galerii handlowych i&nbsp;przed\u015bwi\u0105teczne zakupy z&nbsp;CH Osowa"}]},{"@type":"WebSite","@id":"https:\/\/chosowa.pl\/ru\/#website","url":"https:\/\/chosowa.pl\/ru\/","name":"Osowa","description":"Centrum Handlowe Osowa","potentialAction":[{"@type":"SearchAction","target":{"@type":"EntryPoint","urlTemplate":"https:\/\/chosowa.pl\/ru\/?s={search_term_string}"},"query-input":{"@type":"PropertyValueSpecification","valueRequired":true,"valueName":"search_term_string"}}],"inLanguage":"en-US"},{"@type":"Person","@id":"https:\/\/chosowa.pl\/ru\/#\/schema\/person\/15445b51bd45e4d72c2794a45adeb220","name":"aadmin"}]}},"_links":{"self":[{"href":"https:\/\/chosowa.pl\/en\/wp-json\/wp\/v2\/posts\/5165"}],"collection":[{"href":"https:\/\/chosowa.pl\/en\/wp-json\/wp\/v2\/posts"}],"about":[{"href":"https:\/\/chosowa.pl\/en\/wp-json\/wp\/v2\/types\/post"}],"author":[{"embeddable":true,"href":"https:\/\/chosowa.pl\/en\/wp-json\/wp\/v2\/users\/1"}],"replies":[{"embeddable":true,"href":"https:\/\/chosowa.pl\/en\/wp-json\/wp\/v2\/comments?post=5165"}],"version-history":[{"count":0,"href":"https:\/\/chosowa.pl\/en\/wp-json\/wp\/v2\/posts\/5165\/revisions"}],"wp:attachment":[{"href":"https:\/\/chosowa.pl\/en\/wp-json\/wp\/v2\/media?parent=5165"}],"wp:term":[{"taxonomy":"category","embeddable":true,"href":"https:\/\/chosowa.pl\/en\/wp-json\/wp\/v2\/categories?post=5165"},{"taxonomy":"post_tag","embeddable":true,"href":"https:\/\/chosowa.pl\/en\/wp-json\/wp\/v2\/tags?post=5165"}],"curies":[{"name":"wp","href":"https:\/\/api.w.org\/{rel}","templated":true}]}}