{"id":4886,"date":"2020-10-15T17:11:12","date_gmt":"2020-10-15T15:11:12","guid":{"rendered":"https:\/\/chosowa.pl\/?p=4886"},"modified":"2020-10-15T17:30:44","modified_gmt":"2020-10-15T15:30:44","slug":"pazdziernik-miesiacem-walki-z-rakiem-piersi","status":"publish","type":"post","link":"https:\/\/chosowa.pl\/en\/wydarzenia\/pazdziernik-miesiacem-walki-z-rakiem-piersi\/","title":{"rendered":"Przysz\u0142o\u015b\u0107 zale\u017cy od Ciebie \u2013 profilaktyka R\u00f3\u017cowego Pa\u017adziernika"},"content":{"rendered":"<p>15 pa\u017adziernika jest Europejskim Dniem Walki z Rakiem Piersi. To najcz\u0119\u015bciej wyst\u0119puj\u0105cy u kobiet i drugi najniebezpieczniejszy nowotw\u00f3r z\u0142o\u015bliwy w\u015br\u00f3d tych znanych medycynie. Niestety w Polsce i na \u015bwiecie profilaktyka raka piersi wci\u0105\u017c jest tematem zaniedbywanym przez kobiety, ale i m\u0119\u017cczyzn, dlatego wa\u017cne jest propagowanie wiedzy w tym temacie. I my w\u0142\u0105czamy si\u0119 w t\u0105 akcj\u0119 i zapraszamy wszystkich naszych klient\u00f3w, aby zadbali o swoje zdrowie razem z nami!<\/p>\n<p>Profilaktyka raka piersi to wci\u0105\u017c temat tabu. Stanowi on oko\u0142o 23% wszystkich zachorowa\u0144 na nowotwory i jest przyczyn\u0105 oko\u0142o 14% zgon\u00f3w w Polsce*. Jak si\u0119 okazuje, temat dotyczy r\u00f3wnie\u017c m\u0119\u017cczyzn, kt\u00f3rzy tak\u017ce borykaj\u0105 si\u0119 z tym problemem. Sklep marki Triumph, kt\u00f3ry znajduje si\u0119 w naszym centrum ko\u0142o sklepu 5-10-15 i Lee Wrangler, przy okazji R\u00f3\u017cowego Miesi\u0105ca, postanowi\u0142 wesprze\u0107 Fundacj\u0119 Zdrowy Biust oraz zach\u0119ci\u0107 Was drogie Panie do skorzystania z instruktarzu jak bada\u0107 biust samodzielnie, a tak\u017ce zapozna\u0107 swoich klient\u00f3w z informacjami o badaniach, kt\u00f3re kobiety, jak i m\u0119\u017cczy\u017ani, powinni wykonywa\u0107 systematycznie.<\/p>\n<p>Od dzi\u015b, a\u017c do 31 pa\u017adziernika, wykwalifikowany personel podzieli si\u0119 z Wami swoj\u0105 wiedz\u0105 w tym temacie, a dodatkowo 5 z\u0142 z ka\u017cdego paragonu za zakupy w tym sklepie zostanie przekazane na pabianick\u0105 Fundacj\u0119 Zdrowy Biust. Dla klient\u00f3w przewidziane s\u0105 upominki od marki i fundacji, a do ka\u017cdych zakup\u00f3w zostanie do\u0142\u0105czona r\u00f3\u017cowa kokardka, symbolizuj\u0105ca pa\u017adziernikow\u0105 ide\u0119.<\/p>\n<p>Z pewno\u015bci\u0105 ciekawostk\u0105 dla wszystkich Pa\u0144 b\u0119dzie fantom, przekazany przez Fundacj\u0119 Zdrowy Biust, na kt\u00f3rym dzi\u0119ki wskaz\u00f3wkom personelu, b\u0119dziecie mog\u0142y spr\u00f3bowa\u0107 przeprowadzi\u0107 takie badanie. Wyszkolony personel sklepu nie tylko pomo\u017ce w zakupie odpowiedniej bielizny, ale i udzieli kompleksowych informacji na ten temat. R\u00f3wnie\u017c do ko\u0144ca miesi\u0105ca na terenie naszego centrum b\u0119d\u0105 dystrybuowane ulotki Fundacji Zdrowy Biust z instrukcj\u0105, jak prawid\u0142owo bada\u0107 biust, a tak\u017ce b\u0119dziemy Was zach\u0119ca\u0107 do odwiedzenia sklepu Triumph, r\u00f3wnie\u017c ze swoimi partnerami. Cieszymy si\u0119, \u017ce mo\u017cemy wesprze\u0107 fundacj\u0119 i przyczyni\u0107 si\u0119 do zwi\u0119kszenia \u015bwiadomo\u015bci w\u015br\u00f3d naszych klientek i klient\u00f3w w tym temacie.<\/p>\n<p>Wkr\u00f3tce na terenie naszego parkingu zaparkuje tak\u017ce Mammobus w kt\u00f3rym Wy, drogie klientki, b\u0119dziecie mog\u0142y przebada\u0107 piersi. Wi\u0119cej informacji na temat tego kiedy pojawi si\u0119 mobilny punkt do bada\u0144 pojawi si\u0119 na naszej stronie www.chosowa.pl i na naszym Facebooku.<\/p>\n<p>Przypominamy: marka Triumph oferuje bielizn\u0119 dla kobiet \u2013 na codzie\u0144, na wyj\u0105tkowe okazje czy ci\u0105\u017cow\u0105.<\/p>\n<p>Dost\u0119pna jest r\u00f3wnie\u017c bielizna nocna, znakomitej jako\u015bci pi\u017camy, koszule nocne, ale znajdzie si\u0119 tak\u017ce co\u015b dla Pan\u00f3w. W ofercie Triumph m\u0119\u017cczy\u017ani znajd\u0105 bielizn\u0119 marki Sloggi, co z pewno\u015bci\u0105 jest uk\u0142onem w ich stron\u0119 i r\u00f3wnie\u017c zach\u0119camy Pan\u00f3w, do wsparcia pa\u017adziernikowej akcji.<\/p>\n<p>*<a href=\"https:\/\/pacjent.gov.pl\/program-profilaktyczny\/profilaktyka-raka-piersi\" target=\"_blank\" rel=\"noopener noreferrer\">pacjent.gov.pl<\/a><\/p>\n<p>&nbsp;<\/p>\n<p><img loading=\"lazy\" decoding=\"async\" class=\"alignnone size-full wp-image-4890\" src=\"https:\/\/chosowa.pl\/wp-content\/uploads\/2020\/10\/plakat_fzb_120x180_cmc.jpg\" alt=\"\" width=\"667\" height=\"1000\" srcset=\"https:\/\/chosowa.pl\/wp-content\/uploads\/2020\/10\/plakat_fzb_120x180_cmc.jpg 667w, https:\/\/chosowa.pl\/wp-content\/uploads\/2020\/10\/plakat_fzb_120x180_cmc-200x300.jpg 200w\" sizes=\"(max-width: 667px) 100vw, 667px\" \/><\/p>\n","protected":false},"excerpt":{"rendered":"<p>15 pa\u017adziernika jest Europejskim Dniem Walki z Rakiem Piersi. To najcz\u0119\u015bciej wyst\u0119puj\u0105cy u kobiet i drugi najniebezpieczniejszy nowotw\u00f3r z\u0142o\u015bliwy w\u015br\u00f3d tych znanych medycynie. Niestety w Polsce i na \u015bwiecie profilaktyka [&hellip;]<\/p>\n","protected":false},"author":1,"featured_media":0,"comment_status":"closed","ping_status":"closed","sticky":false,"template":"","format":"standard","meta":{"_acf_changed":false,"footnotes":""},"categories":[15],"tags":[],"class_list":["post-4886","post","type-post","status-publish","format-standard","hentry","category-wydarzenia"],"acf":[],"yoast_head":"<!-- This site is optimized with the Yoast SEO plugin v23.6 - https:\/\/yoast.com\/wordpress\/plugins\/seo\/ -->\n<title>Przysz\u0142o\u015b\u0107 zale\u017cy od Ciebie \u2013 profilaktyka R\u00f3\u017cowego Pa\u017adziernika - Osowa<\/title>\n<meta name=\"robots\" content=\"index, follow, max-snippet:-1, max-image-preview:large, max-video-preview:-1\" \/>\n<link rel=\"canonical\" href=\"https:\/\/chosowa.pl\/wydarzenia\/pazdziernik-miesiacem-walki-z-rakiem-piersi\/\" \/>\n<meta property=\"og:locale\" content=\"en_US\" \/>\n<meta property=\"og:type\" content=\"article\" \/>\n<meta property=\"og:title\" content=\"Przysz\u0142o\u015b\u0107 zale\u017cy od Ciebie \u2013 profilaktyka R\u00f3\u017cowego Pa\u017adziernika - Osowa\" \/>\n<meta property=\"og:description\" content=\"15 pa\u017adziernika jest Europejskim Dniem Walki z Rakiem Piersi. To najcz\u0119\u015bciej wyst\u0119puj\u0105cy u kobiet i drugi najniebezpieczniejszy nowotw\u00f3r z\u0142o\u015bliwy w\u015br\u00f3d tych znanych medycynie. Niestety w Polsce i na \u015bwiecie profilaktyka [&hellip;]\" \/>\n<meta property=\"og:url\" content=\"https:\/\/chosowa.pl\/wydarzenia\/pazdziernik-miesiacem-walki-z-rakiem-piersi\/\" \/>\n<meta property=\"og:site_name\" content=\"Osowa\" \/>\n<meta property=\"article:publisher\" content=\"https:\/\/www.facebook.com\/CHOsowa\" \/>\n<meta property=\"article:published_time\" content=\"2020-10-15T15:11:12+00:00\" \/>\n<meta property=\"article:modified_time\" content=\"2020-10-15T15:30:44+00:00\" \/>\n<meta property=\"og:image\" content=\"https:\/\/chosowa.pl\/wp-content\/uploads\/2020\/10\/plakat_fzb_120x180_cmc.jpg\" \/>\n<meta name=\"author\" content=\"aadmin\" \/>\n<meta name=\"twitter:card\" content=\"summary_large_image\" \/>\n<meta name=\"twitter:label1\" content=\"Written by\" \/>\n\t<meta name=\"twitter:data1\" content=\"aadmin\" \/>\n\t<meta name=\"twitter:label2\" content=\"Est. reading time\" \/>\n\t<meta name=\"twitter:data2\" content=\"2 minutes\" \/>\n<script type=\"application\/ld+json\" class=\"yoast-schema-graph\">{\"@context\":\"https:\/\/schema.org\",\"@graph\":[{\"@type\":\"WebPage\",\"@id\":\"https:\/\/chosowa.pl\/wydarzenia\/pazdziernik-miesiacem-walki-z-rakiem-piersi\/\",\"url\":\"https:\/\/chosowa.pl\/wydarzenia\/pazdziernik-miesiacem-walki-z-rakiem-piersi\/\",\"name\":\"Przysz\u0142o\u015b\u0107 zale\u017cy od Ciebie \u2013 profilaktyka R\u00f3\u017cowego Pa\u017adziernika - Osowa\",\"isPartOf\":{\"@id\":\"https:\/\/chosowa.pl\/ru\/#website\"},\"primaryImageOfPage\":{\"@id\":\"https:\/\/chosowa.pl\/wydarzenia\/pazdziernik-miesiacem-walki-z-rakiem-piersi\/#primaryimage\"},\"image\":{\"@id\":\"https:\/\/chosowa.pl\/wydarzenia\/pazdziernik-miesiacem-walki-z-rakiem-piersi\/#primaryimage\"},\"thumbnailUrl\":\"https:\/\/chosowa.pl\/wp-content\/uploads\/2020\/10\/plakat_fzb_120x180_cmc.jpg\",\"datePublished\":\"2020-10-15T15:11:12+00:00\",\"dateModified\":\"2020-10-15T15:30:44+00:00\",\"author\":{\"@id\":\"https:\/\/chosowa.pl\/ru\/#\/schema\/person\/15445b51bd45e4d72c2794a45adeb220\"},\"breadcrumb\":{\"@id\":\"https:\/\/chosowa.pl\/wydarzenia\/pazdziernik-miesiacem-walki-z-rakiem-piersi\/#breadcrumb\"},\"inLanguage\":\"en-US\",\"potentialAction\":[{\"@type\":\"ReadAction\",\"target\":[\"https:\/\/chosowa.pl\/wydarzenia\/pazdziernik-miesiacem-walki-z-rakiem-piersi\/\"]}]},{\"@type\":\"ImageObject\",\"inLanguage\":\"en-US\",\"@id\":\"https:\/\/chosowa.pl\/wydarzenia\/pazdziernik-miesiacem-walki-z-rakiem-piersi\/#primaryimage\",\"url\":\"https:\/\/chosowa.pl\/wp-content\/uploads\/2020\/10\/plakat_fzb_120x180_cmc.jpg\",\"contentUrl\":\"https:\/\/chosowa.pl\/wp-content\/uploads\/2020\/10\/plakat_fzb_120x180_cmc.jpg\"},{\"@type\":\"BreadcrumbList\",\"@id\":\"https:\/\/chosowa.pl\/wydarzenia\/pazdziernik-miesiacem-walki-z-rakiem-piersi\/#breadcrumb\",\"itemListElement\":[{\"@type\":\"ListItem\",\"position\":1,\"name\":\"Home page\",\"item\":\"https:\/\/chosowa.pl\/en\/\"},{\"@type\":\"ListItem\",\"position\":2,\"name\":\"Wydarzenia\",\"item\":\"https:\/\/chosowa.pl\/.\/wydarzenia\/\"},{\"@type\":\"ListItem\",\"position\":3,\"name\":\"Przysz\u0142o\u015b\u0107 zale\u017cy od&nbsp;Ciebie \u2013 profilaktyka R\u00f3\u017cowego Pa\u017adziernika\"}]},{\"@type\":\"WebSite\",\"@id\":\"https:\/\/chosowa.pl\/ru\/#website\",\"url\":\"https:\/\/chosowa.pl\/ru\/\",\"name\":\"Osowa\",\"description\":\"Centrum Handlowe Osowa\",\"potentialAction\":[{\"@type\":\"SearchAction\",\"target\":{\"@type\":\"EntryPoint\",\"urlTemplate\":\"https:\/\/chosowa.pl\/ru\/?s={search_term_string}\"},\"query-input\":{\"@type\":\"PropertyValueSpecification\",\"valueRequired\":true,\"valueName\":\"search_term_string\"}}],\"inLanguage\":\"en-US\"},{\"@type\":\"Person\",\"@id\":\"https:\/\/chosowa.pl\/ru\/#\/schema\/person\/15445b51bd45e4d72c2794a45adeb220\",\"name\":\"aadmin\"}]}<\/script>\n<!-- \/ Yoast SEO plugin. -->","yoast_head_json":{"title":"Przysz\u0142o\u015b\u0107 zale\u017cy od Ciebie \u2013 profilaktyka R\u00f3\u017cowego Pa\u017adziernika - Osowa","robots":{"index":"index","follow":"follow","max-snippet":"max-snippet:-1","max-image-preview":"max-image-preview:large","max-video-preview":"max-video-preview:-1"},"canonical":"https:\/\/chosowa.pl\/wydarzenia\/pazdziernik-miesiacem-walki-z-rakiem-piersi\/","og_locale":"en_US","og_type":"article","og_title":"Przysz\u0142o\u015b\u0107 zale\u017cy od Ciebie \u2013 profilaktyka R\u00f3\u017cowego Pa\u017adziernika - Osowa","og_description":"15 pa\u017adziernika jest Europejskim Dniem Walki z Rakiem Piersi. To najcz\u0119\u015bciej wyst\u0119puj\u0105cy u kobiet i drugi najniebezpieczniejszy nowotw\u00f3r z\u0142o\u015bliwy w\u015br\u00f3d tych znanych medycynie. Niestety w Polsce i na \u015bwiecie profilaktyka [&hellip;]","og_url":"https:\/\/chosowa.pl\/wydarzenia\/pazdziernik-miesiacem-walki-z-rakiem-piersi\/","og_site_name":"Osowa","article_publisher":"https:\/\/www.facebook.com\/CHOsowa","article_published_time":"2020-10-15T15:11:12+00:00","article_modified_time":"2020-10-15T15:30:44+00:00","og_image":[{"url":"https:\/\/chosowa.pl\/wp-content\/uploads\/2020\/10\/plakat_fzb_120x180_cmc.jpg"}],"author":"aadmin","twitter_card":"summary_large_image","twitter_misc":{"Written by":"aadmin","Est. reading time":"2 minutes"},"schema":{"@context":"https:\/\/schema.org","@graph":[{"@type":"WebPage","@id":"https:\/\/chosowa.pl\/wydarzenia\/pazdziernik-miesiacem-walki-z-rakiem-piersi\/","url":"https:\/\/chosowa.pl\/wydarzenia\/pazdziernik-miesiacem-walki-z-rakiem-piersi\/","name":"Przysz\u0142o\u015b\u0107 zale\u017cy od Ciebie \u2013 profilaktyka R\u00f3\u017cowego Pa\u017adziernika - Osowa","isPartOf":{"@id":"https:\/\/chosowa.pl\/ru\/#website"},"primaryImageOfPage":{"@id":"https:\/\/chosowa.pl\/wydarzenia\/pazdziernik-miesiacem-walki-z-rakiem-piersi\/#primaryimage"},"image":{"@id":"https:\/\/chosowa.pl\/wydarzenia\/pazdziernik-miesiacem-walki-z-rakiem-piersi\/#primaryimage"},"thumbnailUrl":"https:\/\/chosowa.pl\/wp-content\/uploads\/2020\/10\/plakat_fzb_120x180_cmc.jpg","datePublished":"2020-10-15T15:11:12+00:00","dateModified":"2020-10-15T15:30:44+00:00","author":{"@id":"https:\/\/chosowa.pl\/ru\/#\/schema\/person\/15445b51bd45e4d72c2794a45adeb220"},"breadcrumb":{"@id":"https:\/\/chosowa.pl\/wydarzenia\/pazdziernik-miesiacem-walki-z-rakiem-piersi\/#breadcrumb"},"inLanguage":"en-US","potentialAction":[{"@type":"ReadAction","target":["https:\/\/chosowa.pl\/wydarzenia\/pazdziernik-miesiacem-walki-z-rakiem-piersi\/"]}]},{"@type":"ImageObject","inLanguage":"en-US","@id":"https:\/\/chosowa.pl\/wydarzenia\/pazdziernik-miesiacem-walki-z-rakiem-piersi\/#primaryimage","url":"https:\/\/chosowa.pl\/wp-content\/uploads\/2020\/10\/plakat_fzb_120x180_cmc.jpg","contentUrl":"https:\/\/chosowa.pl\/wp-content\/uploads\/2020\/10\/plakat_fzb_120x180_cmc.jpg"},{"@type":"BreadcrumbList","@id":"https:\/\/chosowa.pl\/wydarzenia\/pazdziernik-miesiacem-walki-z-rakiem-piersi\/#breadcrumb","itemListElement":[{"@type":"ListItem","position":1,"name":"Home page","item":"https:\/\/chosowa.pl\/en\/"},{"@type":"ListItem","position":2,"name":"Wydarzenia","item":"https:\/\/chosowa.pl\/.\/wydarzenia\/"},{"@type":"ListItem","position":3,"name":"Przysz\u0142o\u015b\u0107 zale\u017cy od&nbsp;Ciebie \u2013 profilaktyka R\u00f3\u017cowego Pa\u017adziernika"}]},{"@type":"WebSite","@id":"https:\/\/chosowa.pl\/ru\/#website","url":"https:\/\/chosowa.pl\/ru\/","name":"Osowa","description":"Centrum Handlowe Osowa","potentialAction":[{"@type":"SearchAction","target":{"@type":"EntryPoint","urlTemplate":"https:\/\/chosowa.pl\/ru\/?s={search_term_string}"},"query-input":{"@type":"PropertyValueSpecification","valueRequired":true,"valueName":"search_term_string"}}],"inLanguage":"en-US"},{"@type":"Person","@id":"https:\/\/chosowa.pl\/ru\/#\/schema\/person\/15445b51bd45e4d72c2794a45adeb220","name":"aadmin"}]}},"_links":{"self":[{"href":"https:\/\/chosowa.pl\/en\/wp-json\/wp\/v2\/posts\/4886"}],"collection":[{"href":"https:\/\/chosowa.pl\/en\/wp-json\/wp\/v2\/posts"}],"about":[{"href":"https:\/\/chosowa.pl\/en\/wp-json\/wp\/v2\/types\/post"}],"author":[{"embeddable":true,"href":"https:\/\/chosowa.pl\/en\/wp-json\/wp\/v2\/users\/1"}],"replies":[{"embeddable":true,"href":"https:\/\/chosowa.pl\/en\/wp-json\/wp\/v2\/comments?post=4886"}],"version-history":[{"count":0,"href":"https:\/\/chosowa.pl\/en\/wp-json\/wp\/v2\/posts\/4886\/revisions"}],"wp:attachment":[{"href":"https:\/\/chosowa.pl\/en\/wp-json\/wp\/v2\/media?parent=4886"}],"wp:term":[{"taxonomy":"category","embeddable":true,"href":"https:\/\/chosowa.pl\/en\/wp-json\/wp\/v2\/categories?post=4886"},{"taxonomy":"post_tag","embeddable":true,"href":"https:\/\/chosowa.pl\/en\/wp-json\/wp\/v2\/tags?post=4886"}],"curies":[{"name":"wp","href":"https:\/\/api.w.org\/{rel}","templated":true}]}}