{"id":4316,"date":"2020-07-08T16:25:36","date_gmt":"2020-07-08T14:25:36","guid":{"rendered":"https:\/\/chosowa.pl\/?p=4316"},"modified":"2020-07-17T13:34:57","modified_gmt":"2020-07-17T11:34:57","slug":"owocowy-recznik-to-plazowy-must-have-w-tym-sezonie","status":"publish","type":"post","link":"https:\/\/chosowa.pl\/en\/wydarzenia\/owocowy-recznik-to-plazowy-must-have-w-tym-sezonie\/","title":{"rendered":"Owocowy r\u0119cznik to pla\u017cowy must-have w tym sezonie!"},"content":{"rendered":"<p>Mamy dla Was wakacyjn\u0105 promocj\u0119. Do zdobycia jest du\u017cy okr\u0105g\u0142y r\u0119cznik z letnim, owocowym nadrukiem. Lato i pla\u017ca to plan idealny na najbli\u017csze miesi\u0105ce, pogoda zapowiada si\u0119 pi\u0119kna, a chyba nie ma lepszej perspektywy na gor\u0105ce popo\u0142udnia ni\u017c stylowy r\u0119cznik na gor\u0105cym piasku i szumie fal.<\/p>\n<p><strong>Co trzeba zrobi\u0107?<\/strong><br \/>\nW dniach 23-25 lipca zr\u00f3b zakupy w naszych sklepach za min. 250 z\u0142., a r\u0119cznik z kolorowym nadrukiem o \u015brednicy 150 cm b\u0119dzie Tw\u00f3j! Do udzia\u0142u w promocji upowa\u017cniaj\u0105 jednorazowo maksymalnie dwa paragony z danego dnia promocji. Jeden klient mo\u017ce odebra\u0107 jedn\u0105 nagrod\u0119 w danym dniu.<\/p>\n<p>R\u0119czniki b\u0119d\u0105 w 4 r\u00f3\u017cnych wzorach \u2013 cytryna, arbuz, pomara\u0144cza i kiwi. To od Ciebie zale\u017cy kt\u00f3ry motyw owocowy wybierzesz! Ka\u017cdy z nich obszyty jest bia\u0142ymi fr\u0119dzlami, wykonany jest od spodu z bawe\u0142ny frotte w bia\u0142ym kolorze, a na wierzchniej stronie ma kolorowy wz\u00f3r z przyjemnego weluru. Ka\u017cdego dnia do rozdania mamy 150 sztuk!<\/p>\n<p>Dodatkowo, je\u017celi dopiszesz si\u0119 do newslettera, otrzymasz puszk\u0119 (0,5 litra) pysznej, zdrowej i orze\u017awiaj\u0105cej wody kokosowej, kt\u00f3ra dope\u0142ni duet idealny na s\u0142oneczn\u0105 pogod\u0119.<\/p>\n<p>R\u0119czniki dost\u0119pne w lipcowej promocji s\u0105 wyj\u0105tkowo fotogeniczne, o czym z pewno\u015bci\u0105 przekonacie si\u0119 sami \u2013 idealnie nadadz\u0105 si\u0119 do wakacyjnych zdj\u0119\u0107 na Instagram i Facebook, do czego Was gor\u0105co namawiamy. Wkr\u00f3tce tak\u017ce na naszym profilu na Facebooku pojawi si\u0119 konkurs, do kt\u00f3rego takie zdj\u0119cia mog\u0105 si\u0119 bardzo przyda\u0107! Szczeg\u00f3\u0142y ju\u017c niebawem na naszym profilu, ale ju\u017c teraz zach\u0119camy do \u015bledzenia naszego Facebooka \u2013 liczymy na Wasz\u0105 kreatywno\u015b\u0107!<\/p>\n<p>Zapraszamy do wzi\u0119cia udzia\u0142u w promocji i do odwiedzenia CH Osowa.<\/p>\n","protected":false},"excerpt":{"rendered":"<p>Mamy dla Was wakacyjn\u0105 promocj\u0119. Do zdobycia jest du\u017cy okr\u0105g\u0142y r\u0119cznik z letnim, owocowym nadrukiem. Lato i pla\u017ca to plan idealny na najbli\u017csze miesi\u0105ce, pogoda zapowiada si\u0119 pi\u0119kna, a chyba [&hellip;]<\/p>\n","protected":false},"author":1,"featured_media":0,"comment_status":"closed","ping_status":"closed","sticky":false,"template":"","format":"standard","meta":{"_acf_changed":false,"footnotes":""},"categories":[15],"tags":[],"class_list":["post-4316","post","type-post","status-publish","format-standard","hentry","category-wydarzenia"],"acf":[],"yoast_head":"<!-- This site is optimized with the Yoast SEO plugin v23.6 - https:\/\/yoast.com\/wordpress\/plugins\/seo\/ -->\n<title>Owocowy r\u0119cznik to pla\u017cowy must-have w tym sezonie! - Osowa<\/title>\n<meta name=\"robots\" content=\"index, follow, max-snippet:-1, max-image-preview:large, max-video-preview:-1\" \/>\n<link rel=\"canonical\" href=\"https:\/\/chosowa.pl\/wydarzenia\/owocowy-recznik-to-plazowy-must-have-w-tym-sezonie\/\" \/>\n<meta property=\"og:locale\" content=\"en_US\" \/>\n<meta property=\"og:type\" content=\"article\" \/>\n<meta property=\"og:title\" content=\"Owocowy r\u0119cznik to pla\u017cowy must-have w tym sezonie! - Osowa\" \/>\n<meta property=\"og:description\" content=\"Mamy dla Was wakacyjn\u0105 promocj\u0119. Do zdobycia jest du\u017cy okr\u0105g\u0142y r\u0119cznik z letnim, owocowym nadrukiem. Lato i pla\u017ca to plan idealny na najbli\u017csze miesi\u0105ce, pogoda zapowiada si\u0119 pi\u0119kna, a chyba [&hellip;]\" \/>\n<meta property=\"og:url\" content=\"https:\/\/chosowa.pl\/wydarzenia\/owocowy-recznik-to-plazowy-must-have-w-tym-sezonie\/\" \/>\n<meta property=\"og:site_name\" content=\"Osowa\" \/>\n<meta property=\"article:publisher\" content=\"https:\/\/www.facebook.com\/CHOsowa\" \/>\n<meta property=\"article:published_time\" content=\"2020-07-08T14:25:36+00:00\" \/>\n<meta property=\"article:modified_time\" content=\"2020-07-17T11:34:57+00:00\" \/>\n<meta property=\"og:image\" content=\"https:\/\/chosowa.pl\/wp-content\/uploads\/2019\/10\/open_graph_chosowa.jpg\" \/>\n\t<meta property=\"og:image:width\" content=\"1200\" \/>\n\t<meta property=\"og:image:height\" content=\"630\" \/>\n\t<meta property=\"og:image:type\" content=\"image\/jpeg\" \/>\n<meta name=\"author\" content=\"aadmin\" \/>\n<meta name=\"twitter:card\" content=\"summary_large_image\" \/>\n<meta name=\"twitter:label1\" content=\"Written by\" \/>\n\t<meta name=\"twitter:data1\" content=\"aadmin\" \/>\n\t<meta name=\"twitter:label2\" content=\"Est. reading time\" \/>\n\t<meta name=\"twitter:data2\" content=\"1 minute\" \/>\n<script type=\"application\/ld+json\" class=\"yoast-schema-graph\">{\"@context\":\"https:\/\/schema.org\",\"@graph\":[{\"@type\":\"WebPage\",\"@id\":\"https:\/\/chosowa.pl\/wydarzenia\/owocowy-recznik-to-plazowy-must-have-w-tym-sezonie\/\",\"url\":\"https:\/\/chosowa.pl\/wydarzenia\/owocowy-recznik-to-plazowy-must-have-w-tym-sezonie\/\",\"name\":\"Owocowy r\u0119cznik to pla\u017cowy must-have w tym sezonie! - Osowa\",\"isPartOf\":{\"@id\":\"https:\/\/chosowa.pl\/ru\/#website\"},\"datePublished\":\"2020-07-08T14:25:36+00:00\",\"dateModified\":\"2020-07-17T11:34:57+00:00\",\"author\":{\"@id\":\"https:\/\/chosowa.pl\/ru\/#\/schema\/person\/15445b51bd45e4d72c2794a45adeb220\"},\"breadcrumb\":{\"@id\":\"https:\/\/chosowa.pl\/wydarzenia\/owocowy-recznik-to-plazowy-must-have-w-tym-sezonie\/#breadcrumb\"},\"inLanguage\":\"en-US\",\"potentialAction\":[{\"@type\":\"ReadAction\",\"target\":[\"https:\/\/chosowa.pl\/wydarzenia\/owocowy-recznik-to-plazowy-must-have-w-tym-sezonie\/\"]}]},{\"@type\":\"BreadcrumbList\",\"@id\":\"https:\/\/chosowa.pl\/wydarzenia\/owocowy-recznik-to-plazowy-must-have-w-tym-sezonie\/#breadcrumb\",\"itemListElement\":[{\"@type\":\"ListItem\",\"position\":1,\"name\":\"Home page\",\"item\":\"https:\/\/chosowa.pl\/en\/\"},{\"@type\":\"ListItem\",\"position\":2,\"name\":\"Wydarzenia\",\"item\":\"https:\/\/chosowa.pl\/.\/wydarzenia\/\"},{\"@type\":\"ListItem\",\"position\":3,\"name\":\"Owocowy r\u0119cznik to&nbsp;pla\u017cowy must-have w&nbsp;tym sezonie!\"}]},{\"@type\":\"WebSite\",\"@id\":\"https:\/\/chosowa.pl\/ru\/#website\",\"url\":\"https:\/\/chosowa.pl\/ru\/\",\"name\":\"Osowa\",\"description\":\"Centrum Handlowe Osowa\",\"potentialAction\":[{\"@type\":\"SearchAction\",\"target\":{\"@type\":\"EntryPoint\",\"urlTemplate\":\"https:\/\/chosowa.pl\/ru\/?s={search_term_string}\"},\"query-input\":{\"@type\":\"PropertyValueSpecification\",\"valueRequired\":true,\"valueName\":\"search_term_string\"}}],\"inLanguage\":\"en-US\"},{\"@type\":\"Person\",\"@id\":\"https:\/\/chosowa.pl\/ru\/#\/schema\/person\/15445b51bd45e4d72c2794a45adeb220\",\"name\":\"aadmin\"}]}<\/script>\n<!-- \/ Yoast SEO plugin. -->","yoast_head_json":{"title":"Owocowy r\u0119cznik to pla\u017cowy must-have w tym sezonie! - Osowa","robots":{"index":"index","follow":"follow","max-snippet":"max-snippet:-1","max-image-preview":"max-image-preview:large","max-video-preview":"max-video-preview:-1"},"canonical":"https:\/\/chosowa.pl\/wydarzenia\/owocowy-recznik-to-plazowy-must-have-w-tym-sezonie\/","og_locale":"en_US","og_type":"article","og_title":"Owocowy r\u0119cznik to pla\u017cowy must-have w tym sezonie! - Osowa","og_description":"Mamy dla Was wakacyjn\u0105 promocj\u0119. Do zdobycia jest du\u017cy okr\u0105g\u0142y r\u0119cznik z letnim, owocowym nadrukiem. Lato i pla\u017ca to plan idealny na najbli\u017csze miesi\u0105ce, pogoda zapowiada si\u0119 pi\u0119kna, a chyba [&hellip;]","og_url":"https:\/\/chosowa.pl\/wydarzenia\/owocowy-recznik-to-plazowy-must-have-w-tym-sezonie\/","og_site_name":"Osowa","article_publisher":"https:\/\/www.facebook.com\/CHOsowa","article_published_time":"2020-07-08T14:25:36+00:00","article_modified_time":"2020-07-17T11:34:57+00:00","og_image":[{"width":1200,"height":630,"url":"https:\/\/chosowa.pl\/wp-content\/uploads\/2019\/10\/open_graph_chosowa.jpg","type":"image\/jpeg"}],"author":"aadmin","twitter_card":"summary_large_image","twitter_misc":{"Written by":"aadmin","Est. reading time":"1 minute"},"schema":{"@context":"https:\/\/schema.org","@graph":[{"@type":"WebPage","@id":"https:\/\/chosowa.pl\/wydarzenia\/owocowy-recznik-to-plazowy-must-have-w-tym-sezonie\/","url":"https:\/\/chosowa.pl\/wydarzenia\/owocowy-recznik-to-plazowy-must-have-w-tym-sezonie\/","name":"Owocowy r\u0119cznik to pla\u017cowy must-have w tym sezonie! - Osowa","isPartOf":{"@id":"https:\/\/chosowa.pl\/ru\/#website"},"datePublished":"2020-07-08T14:25:36+00:00","dateModified":"2020-07-17T11:34:57+00:00","author":{"@id":"https:\/\/chosowa.pl\/ru\/#\/schema\/person\/15445b51bd45e4d72c2794a45adeb220"},"breadcrumb":{"@id":"https:\/\/chosowa.pl\/wydarzenia\/owocowy-recznik-to-plazowy-must-have-w-tym-sezonie\/#breadcrumb"},"inLanguage":"en-US","potentialAction":[{"@type":"ReadAction","target":["https:\/\/chosowa.pl\/wydarzenia\/owocowy-recznik-to-plazowy-must-have-w-tym-sezonie\/"]}]},{"@type":"BreadcrumbList","@id":"https:\/\/chosowa.pl\/wydarzenia\/owocowy-recznik-to-plazowy-must-have-w-tym-sezonie\/#breadcrumb","itemListElement":[{"@type":"ListItem","position":1,"name":"Home page","item":"https:\/\/chosowa.pl\/en\/"},{"@type":"ListItem","position":2,"name":"Wydarzenia","item":"https:\/\/chosowa.pl\/.\/wydarzenia\/"},{"@type":"ListItem","position":3,"name":"Owocowy r\u0119cznik to&nbsp;pla\u017cowy must-have w&nbsp;tym sezonie!"}]},{"@type":"WebSite","@id":"https:\/\/chosowa.pl\/ru\/#website","url":"https:\/\/chosowa.pl\/ru\/","name":"Osowa","description":"Centrum Handlowe Osowa","potentialAction":[{"@type":"SearchAction","target":{"@type":"EntryPoint","urlTemplate":"https:\/\/chosowa.pl\/ru\/?s={search_term_string}"},"query-input":{"@type":"PropertyValueSpecification","valueRequired":true,"valueName":"search_term_string"}}],"inLanguage":"en-US"},{"@type":"Person","@id":"https:\/\/chosowa.pl\/ru\/#\/schema\/person\/15445b51bd45e4d72c2794a45adeb220","name":"aadmin"}]}},"_links":{"self":[{"href":"https:\/\/chosowa.pl\/en\/wp-json\/wp\/v2\/posts\/4316"}],"collection":[{"href":"https:\/\/chosowa.pl\/en\/wp-json\/wp\/v2\/posts"}],"about":[{"href":"https:\/\/chosowa.pl\/en\/wp-json\/wp\/v2\/types\/post"}],"author":[{"embeddable":true,"href":"https:\/\/chosowa.pl\/en\/wp-json\/wp\/v2\/users\/1"}],"replies":[{"embeddable":true,"href":"https:\/\/chosowa.pl\/en\/wp-json\/wp\/v2\/comments?post=4316"}],"version-history":[{"count":0,"href":"https:\/\/chosowa.pl\/en\/wp-json\/wp\/v2\/posts\/4316\/revisions"}],"wp:attachment":[{"href":"https:\/\/chosowa.pl\/en\/wp-json\/wp\/v2\/media?parent=4316"}],"wp:term":[{"taxonomy":"category","embeddable":true,"href":"https:\/\/chosowa.pl\/en\/wp-json\/wp\/v2\/categories?post=4316"},{"taxonomy":"post_tag","embeddable":true,"href":"https:\/\/chosowa.pl\/en\/wp-json\/wp\/v2\/tags?post=4316"}],"curies":[{"name":"wp","href":"https:\/\/api.w.org\/{rel}","templated":true}]}}