{"id":2385,"date":"2019-07-29T11:33:08","date_gmt":"2019-07-29T09:33:08","guid":{"rendered":"https:\/\/chosowa.pl\/?p=2385"},"modified":"2019-10-04T11:34:19","modified_gmt":"2019-10-04T09:34:19","slug":"regionalny-jarmark-lokalnych-produktow-zulawskie-smaki-w-ch-osowa","status":"publish","type":"post","link":"https:\/\/chosowa.pl\/en\/wydarzenia\/regionalny-jarmark-lokalnych-produktow-zulawskie-smaki-w-ch-osowa\/","title":{"rendered":"Regionalny jarmark lokalnych produkt\u00f3w \u201e\u017bu\u0142awskie Smaki\u201d w CH Osowa"},"content":{"rendered":"<p><strong>Ju\u017c w najbli\u017cszy pi\u0105tek i sobot\u0119, 2 i 3 sierpnia zapraszamy serdecznie na kolejn\u0105 ods\u0142on\u0119 jar-marku, podczas kt\u00f3rego okoliczni rolnicy ponownie zagoszcz\u0105 w naszym Centrum oferuj\u0105c znakomite, regionalne przysmaki.<\/strong><\/p>\n<p>Tradycyjnie jak co miesi\u0105c na naszym jarmarku lokalni producenci przedstawi\u0105 swoje przetwory z regionu \u017bu\u0142aw. Producenci zrzeszeni w inicjatywie \u017bu\u0142awskie Smaki zaprezentuj\u0105 produkty bez konserwant\u00f3w, utrwalaczy i barwnik\u00f3w. B\u0119dzie mo\u017cna skosztowa\u0107 pysznego miodu, domowych pie-rog\u00f3w, aromatycznych w\u0119dlin i kiszonek, a tak\u017ce s\u0142odko\u015bci z kajmaku.<\/p>\n<p><strong>Kiszonki, s\u0142odko\u015bci i co\u015b na z\u0105b<\/strong><br \/>\nProdukty rzemie\u015blnicze proponowane odwiedzaj\u0105cym jarmark \u201e\u017bu\u0142awskie Smaki\u201d z pewno\u015bci\u0105 za-dowol\u0105 niejednego konesera. Kiszonki \u017bu\u0142awskiej Zagrody to m.in. og\u00f3rki kiszone, kiszona kapusta czy te\u017c kiszone buraki, jednak\u017ce niewielkie gospodarstwo z Lasowic Wielkich pod Malborkiem swoim flagowym produktem ochrzci\u0142o przetwory z og\u00f3rka \u017cu\u0142awskiego, uprawianego w okolicy. Pierogi Ha-linki to rarytas dla fan\u00f3w \u201enaszej polskiej potrawy narodowej\u201d \u2013 nic nie smakuje lepiej ni\u017c r\u0119cznie lepi-one z nadzieniem z lokalnych produkt\u00f3w \u2013 sera, ziemniak\u00f3w, owoc\u00f3w, aromatycznej kapusty kiszonej od s\u0105siada. Dla mi\u0142o\u015bnik\u00f3w s\u0142odko\u015bci rarytasem b\u0119dzie domowy kajmak o niepowtarzalnym smaku znany ju\u017c na dworach magnat\u00f3w polskich rodzinnej manufaktury Polder. Przewidzieli\u015bmy co\u015b tak\u017ce dla fan\u00f3w mi\u0119sa \u2013 Specja\u0142y z Bor\u00f3w to 100% mi\u0119sa i zio\u0142a bez konserwant\u00f3w. Ta niewielka przetw\u00f3r-nia z serca kaszubskiego lasu szczyci si\u0119 niepowtarzalnym smakiem swoich mi\u0119s, kt\u00f3ry koniecznie musicie poczu\u0107 na w\u0142asnym podniebieniu.<\/p>\n<p>Zapraszamy gor\u0105co do zapoznania si\u0119 z pe\u0142n\u0105 list\u0105 wystawc\u00f3w i ich produkt\u00f3w, kt\u00f3re b\u0119dzie mo\u017cna naby\u0107 i spr\u00f3bowa\u0107 ju\u017c 2 i 3 sierpnia w naszym Centrum!<\/p>\n<p><strong>Wystawcy najbli\u017cszego Jarmarku \u201e\u017bu\u0142awskie Smaki\u201d<\/strong><\/p>\n<ul>\n<li>\u017bu\u0142awska Zagroda \u2013 kiszonki i przetwory warzywne<\/li>\n<li>Specja\u0142y z Bor\u00f3w \u2013 naturalne wyroby mi\u0119sne i w\u0119dzonki<\/li>\n<li>Pierogi Halinki \u2013 domowe pierogi i dania kuchni tradycyjnej<\/li>\n<li>Polder \u2013 tradycyjny Kajmak Pomorski w wielu smakach<\/li>\n<li>\u017bu\u0142awska Pasieka W\u0119drowna \u2013 naturalne miody z \u017bu\u0142aw<\/li>\n<\/ul>\n<p>\u201e\u017bu\u0142awskie Smaki\u201d &#8211; termin i godziny otwarcia:<br \/>\n2-3 sierpnia 2019<br \/>\npi\u0105tek 10:00 \u2013 21:00<br \/>\nsobota 10:00 \u2013 21:00<\/p>\n","protected":false},"excerpt":{"rendered":"<p>Ju\u017c w najbli\u017cszy pi\u0105tek i sobot\u0119, 2 i 3 sierpnia zapraszamy serdecznie na kolejn\u0105 ods\u0142on\u0119 jar-marku, podczas kt\u00f3rego okoliczni rolnicy ponownie zagoszcz\u0105 w naszym Centrum oferuj\u0105c znakomite, regionalne przysmaki. Tradycyjnie [&hellip;]<\/p>\n","protected":false},"author":1,"featured_media":0,"comment_status":"closed","ping_status":"closed","sticky":false,"template":"","format":"standard","meta":{"_acf_changed":false,"footnotes":""},"categories":[15],"tags":[],"class_list":["post-2385","post","type-post","status-publish","format-standard","hentry","category-wydarzenia"],"acf":[],"yoast_head":"<!-- This site is optimized with the Yoast SEO plugin v23.6 - https:\/\/yoast.com\/wordpress\/plugins\/seo\/ -->\n<title>Regionalny jarmark lokalnych produkt\u00f3w \u201e\u017bu\u0142awskie Smaki\u201d w CH Osowa - Osowa<\/title>\n<meta name=\"robots\" content=\"index, follow, max-snippet:-1, max-image-preview:large, max-video-preview:-1\" \/>\n<link rel=\"canonical\" href=\"https:\/\/chosowa.pl\/wydarzenia\/regionalny-jarmark-lokalnych-produktow-zulawskie-smaki-w-ch-osowa\/\" \/>\n<meta property=\"og:locale\" content=\"en_US\" \/>\n<meta property=\"og:type\" content=\"article\" \/>\n<meta property=\"og:title\" content=\"Regionalny jarmark lokalnych produkt\u00f3w \u201e\u017bu\u0142awskie Smaki\u201d w CH Osowa - Osowa\" \/>\n<meta property=\"og:description\" content=\"Ju\u017c w najbli\u017cszy pi\u0105tek i sobot\u0119, 2 i 3 sierpnia zapraszamy serdecznie na kolejn\u0105 ods\u0142on\u0119 jar-marku, podczas kt\u00f3rego okoliczni rolnicy ponownie zagoszcz\u0105 w naszym Centrum oferuj\u0105c znakomite, regionalne przysmaki. Tradycyjnie [&hellip;]\" \/>\n<meta property=\"og:url\" content=\"https:\/\/chosowa.pl\/wydarzenia\/regionalny-jarmark-lokalnych-produktow-zulawskie-smaki-w-ch-osowa\/\" \/>\n<meta property=\"og:site_name\" content=\"Osowa\" \/>\n<meta property=\"article:publisher\" content=\"https:\/\/www.facebook.com\/CHOsowa\" \/>\n<meta property=\"article:published_time\" content=\"2019-07-29T09:33:08+00:00\" \/>\n<meta property=\"article:modified_time\" content=\"2019-10-04T09:34:19+00:00\" \/>\n<meta property=\"og:image\" content=\"https:\/\/chosowa.pl\/wp-content\/uploads\/2019\/10\/open_graph_chosowa.jpg\" \/>\n\t<meta property=\"og:image:width\" content=\"1200\" \/>\n\t<meta property=\"og:image:height\" content=\"630\" \/>\n\t<meta property=\"og:image:type\" content=\"image\/jpeg\" \/>\n<meta name=\"author\" content=\"aadmin\" \/>\n<meta name=\"twitter:card\" content=\"summary_large_image\" \/>\n<meta name=\"twitter:label1\" content=\"Written by\" \/>\n\t<meta name=\"twitter:data1\" content=\"aadmin\" \/>\n\t<meta name=\"twitter:label2\" content=\"Est. reading time\" \/>\n\t<meta name=\"twitter:data2\" content=\"2 minutes\" \/>\n<script type=\"application\/ld+json\" class=\"yoast-schema-graph\">{\"@context\":\"https:\/\/schema.org\",\"@graph\":[{\"@type\":\"WebPage\",\"@id\":\"https:\/\/chosowa.pl\/wydarzenia\/regionalny-jarmark-lokalnych-produktow-zulawskie-smaki-w-ch-osowa\/\",\"url\":\"https:\/\/chosowa.pl\/wydarzenia\/regionalny-jarmark-lokalnych-produktow-zulawskie-smaki-w-ch-osowa\/\",\"name\":\"Regionalny jarmark lokalnych produkt\u00f3w \u201e\u017bu\u0142awskie Smaki\u201d w CH Osowa - Osowa\",\"isPartOf\":{\"@id\":\"https:\/\/chosowa.pl\/ru\/#website\"},\"datePublished\":\"2019-07-29T09:33:08+00:00\",\"dateModified\":\"2019-10-04T09:34:19+00:00\",\"author\":{\"@id\":\"https:\/\/chosowa.pl\/ru\/#\/schema\/person\/15445b51bd45e4d72c2794a45adeb220\"},\"breadcrumb\":{\"@id\":\"https:\/\/chosowa.pl\/wydarzenia\/regionalny-jarmark-lokalnych-produktow-zulawskie-smaki-w-ch-osowa\/#breadcrumb\"},\"inLanguage\":\"en-US\",\"potentialAction\":[{\"@type\":\"ReadAction\",\"target\":[\"https:\/\/chosowa.pl\/wydarzenia\/regionalny-jarmark-lokalnych-produktow-zulawskie-smaki-w-ch-osowa\/\"]}]},{\"@type\":\"BreadcrumbList\",\"@id\":\"https:\/\/chosowa.pl\/wydarzenia\/regionalny-jarmark-lokalnych-produktow-zulawskie-smaki-w-ch-osowa\/#breadcrumb\",\"itemListElement\":[{\"@type\":\"ListItem\",\"position\":1,\"name\":\"Home page\",\"item\":\"https:\/\/chosowa.pl\/en\/\"},{\"@type\":\"ListItem\",\"position\":2,\"name\":\"Wydarzenia\",\"item\":\"https:\/\/chosowa.pl\/.\/wydarzenia\/\"},{\"@type\":\"ListItem\",\"position\":3,\"name\":\"Regionalny jarmark lokalnych produkt\u00f3w \u201e\u017bu\u0142awskie Smaki\u201d w&nbsp;CH Osowa\"}]},{\"@type\":\"WebSite\",\"@id\":\"https:\/\/chosowa.pl\/ru\/#website\",\"url\":\"https:\/\/chosowa.pl\/ru\/\",\"name\":\"Osowa\",\"description\":\"Centrum Handlowe Osowa\",\"potentialAction\":[{\"@type\":\"SearchAction\",\"target\":{\"@type\":\"EntryPoint\",\"urlTemplate\":\"https:\/\/chosowa.pl\/ru\/?s={search_term_string}\"},\"query-input\":{\"@type\":\"PropertyValueSpecification\",\"valueRequired\":true,\"valueName\":\"search_term_string\"}}],\"inLanguage\":\"en-US\"},{\"@type\":\"Person\",\"@id\":\"https:\/\/chosowa.pl\/ru\/#\/schema\/person\/15445b51bd45e4d72c2794a45adeb220\",\"name\":\"aadmin\"}]}<\/script>\n<!-- \/ Yoast SEO plugin. -->","yoast_head_json":{"title":"Regionalny jarmark lokalnych produkt\u00f3w \u201e\u017bu\u0142awskie Smaki\u201d w CH Osowa - Osowa","robots":{"index":"index","follow":"follow","max-snippet":"max-snippet:-1","max-image-preview":"max-image-preview:large","max-video-preview":"max-video-preview:-1"},"canonical":"https:\/\/chosowa.pl\/wydarzenia\/regionalny-jarmark-lokalnych-produktow-zulawskie-smaki-w-ch-osowa\/","og_locale":"en_US","og_type":"article","og_title":"Regionalny jarmark lokalnych produkt\u00f3w \u201e\u017bu\u0142awskie Smaki\u201d w CH Osowa - Osowa","og_description":"Ju\u017c w najbli\u017cszy pi\u0105tek i sobot\u0119, 2 i 3 sierpnia zapraszamy serdecznie na kolejn\u0105 ods\u0142on\u0119 jar-marku, podczas kt\u00f3rego okoliczni rolnicy ponownie zagoszcz\u0105 w naszym Centrum oferuj\u0105c znakomite, regionalne przysmaki. Tradycyjnie [&hellip;]","og_url":"https:\/\/chosowa.pl\/wydarzenia\/regionalny-jarmark-lokalnych-produktow-zulawskie-smaki-w-ch-osowa\/","og_site_name":"Osowa","article_publisher":"https:\/\/www.facebook.com\/CHOsowa","article_published_time":"2019-07-29T09:33:08+00:00","article_modified_time":"2019-10-04T09:34:19+00:00","og_image":[{"width":1200,"height":630,"url":"https:\/\/chosowa.pl\/wp-content\/uploads\/2019\/10\/open_graph_chosowa.jpg","type":"image\/jpeg"}],"author":"aadmin","twitter_card":"summary_large_image","twitter_misc":{"Written by":"aadmin","Est. reading time":"2 minutes"},"schema":{"@context":"https:\/\/schema.org","@graph":[{"@type":"WebPage","@id":"https:\/\/chosowa.pl\/wydarzenia\/regionalny-jarmark-lokalnych-produktow-zulawskie-smaki-w-ch-osowa\/","url":"https:\/\/chosowa.pl\/wydarzenia\/regionalny-jarmark-lokalnych-produktow-zulawskie-smaki-w-ch-osowa\/","name":"Regionalny jarmark lokalnych produkt\u00f3w \u201e\u017bu\u0142awskie Smaki\u201d w CH Osowa - Osowa","isPartOf":{"@id":"https:\/\/chosowa.pl\/ru\/#website"},"datePublished":"2019-07-29T09:33:08+00:00","dateModified":"2019-10-04T09:34:19+00:00","author":{"@id":"https:\/\/chosowa.pl\/ru\/#\/schema\/person\/15445b51bd45e4d72c2794a45adeb220"},"breadcrumb":{"@id":"https:\/\/chosowa.pl\/wydarzenia\/regionalny-jarmark-lokalnych-produktow-zulawskie-smaki-w-ch-osowa\/#breadcrumb"},"inLanguage":"en-US","potentialAction":[{"@type":"ReadAction","target":["https:\/\/chosowa.pl\/wydarzenia\/regionalny-jarmark-lokalnych-produktow-zulawskie-smaki-w-ch-osowa\/"]}]},{"@type":"BreadcrumbList","@id":"https:\/\/chosowa.pl\/wydarzenia\/regionalny-jarmark-lokalnych-produktow-zulawskie-smaki-w-ch-osowa\/#breadcrumb","itemListElement":[{"@type":"ListItem","position":1,"name":"Home page","item":"https:\/\/chosowa.pl\/en\/"},{"@type":"ListItem","position":2,"name":"Wydarzenia","item":"https:\/\/chosowa.pl\/.\/wydarzenia\/"},{"@type":"ListItem","position":3,"name":"Regionalny jarmark lokalnych produkt\u00f3w \u201e\u017bu\u0142awskie Smaki\u201d w&nbsp;CH Osowa"}]},{"@type":"WebSite","@id":"https:\/\/chosowa.pl\/ru\/#website","url":"https:\/\/chosowa.pl\/ru\/","name":"Osowa","description":"Centrum Handlowe Osowa","potentialAction":[{"@type":"SearchAction","target":{"@type":"EntryPoint","urlTemplate":"https:\/\/chosowa.pl\/ru\/?s={search_term_string}"},"query-input":{"@type":"PropertyValueSpecification","valueRequired":true,"valueName":"search_term_string"}}],"inLanguage":"en-US"},{"@type":"Person","@id":"https:\/\/chosowa.pl\/ru\/#\/schema\/person\/15445b51bd45e4d72c2794a45adeb220","name":"aadmin"}]}},"_links":{"self":[{"href":"https:\/\/chosowa.pl\/en\/wp-json\/wp\/v2\/posts\/2385"}],"collection":[{"href":"https:\/\/chosowa.pl\/en\/wp-json\/wp\/v2\/posts"}],"about":[{"href":"https:\/\/chosowa.pl\/en\/wp-json\/wp\/v2\/types\/post"}],"author":[{"embeddable":true,"href":"https:\/\/chosowa.pl\/en\/wp-json\/wp\/v2\/users\/1"}],"replies":[{"embeddable":true,"href":"https:\/\/chosowa.pl\/en\/wp-json\/wp\/v2\/comments?post=2385"}],"version-history":[{"count":0,"href":"https:\/\/chosowa.pl\/en\/wp-json\/wp\/v2\/posts\/2385\/revisions"}],"wp:attachment":[{"href":"https:\/\/chosowa.pl\/en\/wp-json\/wp\/v2\/media?parent=2385"}],"wp:term":[{"taxonomy":"category","embeddable":true,"href":"https:\/\/chosowa.pl\/en\/wp-json\/wp\/v2\/categories?post=2385"},{"taxonomy":"post_tag","embeddable":true,"href":"https:\/\/chosowa.pl\/en\/wp-json\/wp\/v2\/tags?post=2385"}],"curies":[{"name":"wp","href":"https:\/\/api.w.org\/{rel}","templated":true}]}}