{"id":14425,"date":"2025-11-28T11:42:14","date_gmt":"2025-11-28T10:42:14","guid":{"rendered":"https:\/\/chosowa.pl\/?p=14425"},"modified":"2025-12-05T13:45:36","modified_gmt":"2025-12-05T12:45:36","slug":"w-wielkiej-fabryce-elfow-trwa-wielkie-odliczanie-juz-za-niedlugo-dzieci-beda-mogly-odwiedzic-wielka-fabryke-elfow-w-centrum-handlowym-osowa-i-przezyc-swiateczne-przygody","status":"publish","type":"post","link":"https:\/\/chosowa.pl\/en\/wydarzenia\/w-wielkiej-fabryce-elfow-trwa-wielkie-odliczanie-juz-za-niedlugo-dzieci-beda-mogly-odwiedzic-wielka-fabryke-elfow-w-centrum-handlowym-osowa-i-przezyc-swiateczne-przygody\/","title":{"rendered":"Wielka Fabryka Elf\u00f3w w nowej ods\u0142onie w Gda\u0144sku!"},"content":{"rendered":"<p>W Wielkiej Fabryce Elf\u00f3w trwa wielkie odliczanie. Ju\u017c za nied\u0142ugo dzieci b\u0119d\u0105 mog\u0142y odwiedzi\u0107 Wielk\u0105 Fabryk\u0119 Elf\u00f3w w Centrum Handlowym Osowa i prze\u017cy\u0107 \u015bwi\u0105teczne przygody!<\/p>\n<p>Od 12 listopada 2025 r. do 30 grudnia 2025 r. Wielka Fabryka Elf\u00f3w ponownie zaprasza dzieci i rodzic\u00f3w do \u015bwiata magii &#8211; tym razem w nowej lokalizacji: CH Osowa w Gda\u0144sku.<\/p>\n<p>W tym roku na odwiedzaj\u0105cych czeka zupe\u0142nie nowa historia &#8211; przygoda w Bibliotece Wielkiej Fabryki Elf\u00f3w. Elf Wa\u017cniak odkrywa, \u017ce z Wielkiej Ksi\u0119gi Legend znikn\u0119\u0142a ostatnia strona, bez kt\u00f3rej \u015bwi\u0105teczna magia mo\u017ce zgasn\u0105\u0107 na zawsze. Dzieci, wsp\u00f3lnie z Elfami, wyruszaj\u0105 wi\u0119c w niezwyk\u0142\u0105 podr\u00f3\u017c po zakamarkach Fabryki, by odnale\u017a\u0107 zaginiony fragment i przywr\u00f3ci\u0107 \u015awi\u0119tom ich blask.<\/p>\n<p>Podczas tej dwugodzinnej interaktywnej zabawy na dzieci czeka seria zada\u0144, zagadek i elfich wyzwa\u0144, kt\u00f3re wymagaj\u0105 wsp\u00f3lnego dzia\u0142ania i rozwijaj\u0105 kompetencje przysz\u0142o\u015bci &#8211; kreatywno\u015b\u0107, wsp\u00f3\u0142prac\u0119, komunikacj\u0119 oraz umiej\u0119tno\u015b\u0107 rozwi\u0105zywania problem\u00f3w. Dzi\u0119ki fabularnej formule mali uczestnicy ucz\u0105 si\u0119 poprzez do\u015bwiadczenie &#8211; anga\u017cuj\u0105 si\u0119 emocjonalnie, okazuj\u0105 empati\u0119 i odkrywaj\u0105, \u017ce razem mo\u017cna osi\u0105gn\u0105\u0107 wi\u0119cej. Wielka Fabryka Elf\u00f3w, to po\u0142\u0105czenie edukacji, zabawy i \u015bwi\u0105tecznej magii, kt\u00f3re na d\u0142ugo pozostaje w pami\u0119ci dzieci.<\/p>\n<p>Nowo\u015bci\u0105 tegorocznej edycji jest Strefa Elfich Atrakcji, dost\u0119pna dla wszystkich odwiedzaj\u0105cych, bez konieczno\u015bci posiadania biletu do Fabryki. To przytulny, \u015bwi\u0105teczny zak\u0105tek pachn\u0105cy piernikami, pe\u0142en \u015bmiechu i elfiego gwaru. Czekaj\u0105 tam m.in. kreatywne warsztaty, zimowa zje\u017cd\u017calnia snowtubingowa oraz elfowa kawiarenka. Bilety do tej strefy mo\u017cna kupi\u0107 na miejscu, w CH Osowa.<\/p>\n<p>Do odwiedzin zapraszamy zar\u00f3wno grupy zorganizowane, jak i klient\u00f3w indywidualnych \u2013 wi\u0119cej informacji,<br \/>\na tak\u017ce bilety do zakupienia na stronie <a href=\"https:\/\/gdansk.wielkafabrykaelfow.pl\/\" target=\"_blank\" rel=\"noopener\">https:\/\/gdansk.wielkafabrykaelfow.pl\/<\/a><\/p>\n<p>PS. Organizujemy r\u00f3wnie\u017c urodziny dla dzieci, oczywi\u015bcie w \u015bwi\u0105tecznym klimacie oraz eventy firmowe.<\/p>\n<p>Przed\u015bwi\u0105tecznie pozdrawiamy ?<\/p>\n","protected":false},"excerpt":{"rendered":"<p>W Wielkiej Fabryce Elf\u00f3w trwa wielkie odliczanie. Ju\u017c za nied\u0142ugo dzieci b\u0119d\u0105 mog\u0142y odwiedzi\u0107 Wielk\u0105 Fabryk\u0119 Elf\u00f3w w Centrum Handlowym Osowa i prze\u017cy\u0107 \u015bwi\u0105teczne przygody! Od 12 listopada 2025 r. [&hellip;]<\/p>\n","protected":false},"author":1,"featured_media":0,"comment_status":"closed","ping_status":"closed","sticky":false,"template":"","format":"standard","meta":{"_acf_changed":false,"footnotes":""},"categories":[15],"tags":[],"class_list":["post-14425","post","type-post","status-publish","format-standard","hentry","category-wydarzenia"],"acf":[],"yoast_head":"<!-- This site is optimized with the Yoast SEO plugin v23.6 - https:\/\/yoast.com\/wordpress\/plugins\/seo\/ -->\n<title>Wielka Fabryka Elf\u00f3w w nowej ods\u0142onie w Gda\u0144sku! - Osowa<\/title>\n<meta name=\"robots\" content=\"index, follow, max-snippet:-1, max-image-preview:large, max-video-preview:-1\" \/>\n<link rel=\"canonical\" href=\"https:\/\/chosowa.pl\/wydarzenia\/w-wielkiej-fabryce-elfow-trwa-wielkie-odliczanie-juz-za-niedlugo-dzieci-beda-mogly-odwiedzic-wielka-fabryke-elfow-w-centrum-handlowym-osowa-i-przezyc-swiateczne-przygody\/\" \/>\n<meta property=\"og:locale\" content=\"en_US\" \/>\n<meta property=\"og:type\" content=\"article\" \/>\n<meta property=\"og:title\" content=\"Wielka Fabryka Elf\u00f3w w nowej ods\u0142onie w Gda\u0144sku! - Osowa\" \/>\n<meta property=\"og:description\" content=\"W Wielkiej Fabryce Elf\u00f3w trwa wielkie odliczanie. Ju\u017c za nied\u0142ugo dzieci b\u0119d\u0105 mog\u0142y odwiedzi\u0107 Wielk\u0105 Fabryk\u0119 Elf\u00f3w w Centrum Handlowym Osowa i prze\u017cy\u0107 \u015bwi\u0105teczne przygody! Od 12 listopada 2025 r. [&hellip;]\" \/>\n<meta property=\"og:url\" content=\"https:\/\/chosowa.pl\/wydarzenia\/w-wielkiej-fabryce-elfow-trwa-wielkie-odliczanie-juz-za-niedlugo-dzieci-beda-mogly-odwiedzic-wielka-fabryke-elfow-w-centrum-handlowym-osowa-i-przezyc-swiateczne-przygody\/\" \/>\n<meta property=\"og:site_name\" content=\"Osowa\" \/>\n<meta property=\"article:publisher\" content=\"https:\/\/www.facebook.com\/CHOsowa\" \/>\n<meta property=\"article:published_time\" content=\"2025-11-28T10:42:14+00:00\" \/>\n<meta property=\"article:modified_time\" content=\"2025-12-05T12:45:36+00:00\" \/>\n<meta property=\"og:image\" content=\"https:\/\/chosowa.pl\/wp-content\/uploads\/2019\/10\/open_graph_chosowa.jpg\" \/>\n\t<meta property=\"og:image:width\" content=\"1200\" \/>\n\t<meta property=\"og:image:height\" content=\"630\" \/>\n\t<meta property=\"og:image:type\" content=\"image\/jpeg\" \/>\n<meta name=\"author\" content=\"aadmin\" \/>\n<meta name=\"twitter:card\" content=\"summary_large_image\" \/>\n<meta name=\"twitter:label1\" content=\"Written by\" \/>\n\t<meta name=\"twitter:data1\" content=\"aadmin\" \/>\n\t<meta name=\"twitter:label2\" content=\"Est. reading time\" \/>\n\t<meta name=\"twitter:data2\" content=\"2 minutes\" \/>\n<script type=\"application\/ld+json\" class=\"yoast-schema-graph\">{\"@context\":\"https:\/\/schema.org\",\"@graph\":[{\"@type\":\"WebPage\",\"@id\":\"https:\/\/chosowa.pl\/wydarzenia\/w-wielkiej-fabryce-elfow-trwa-wielkie-odliczanie-juz-za-niedlugo-dzieci-beda-mogly-odwiedzic-wielka-fabryke-elfow-w-centrum-handlowym-osowa-i-przezyc-swiateczne-przygody\/\",\"url\":\"https:\/\/chosowa.pl\/wydarzenia\/w-wielkiej-fabryce-elfow-trwa-wielkie-odliczanie-juz-za-niedlugo-dzieci-beda-mogly-odwiedzic-wielka-fabryke-elfow-w-centrum-handlowym-osowa-i-przezyc-swiateczne-przygody\/\",\"name\":\"Wielka Fabryka Elf\u00f3w w nowej ods\u0142onie w Gda\u0144sku! - Osowa\",\"isPartOf\":{\"@id\":\"https:\/\/chosowa.pl\/ru\/#website\"},\"datePublished\":\"2025-11-28T10:42:14+00:00\",\"dateModified\":\"2025-12-05T12:45:36+00:00\",\"author\":{\"@id\":\"https:\/\/chosowa.pl\/ru\/#\/schema\/person\/15445b51bd45e4d72c2794a45adeb220\"},\"breadcrumb\":{\"@id\":\"https:\/\/chosowa.pl\/wydarzenia\/w-wielkiej-fabryce-elfow-trwa-wielkie-odliczanie-juz-za-niedlugo-dzieci-beda-mogly-odwiedzic-wielka-fabryke-elfow-w-centrum-handlowym-osowa-i-przezyc-swiateczne-przygody\/#breadcrumb\"},\"inLanguage\":\"en-US\",\"potentialAction\":[{\"@type\":\"ReadAction\",\"target\":[\"https:\/\/chosowa.pl\/wydarzenia\/w-wielkiej-fabryce-elfow-trwa-wielkie-odliczanie-juz-za-niedlugo-dzieci-beda-mogly-odwiedzic-wielka-fabryke-elfow-w-centrum-handlowym-osowa-i-przezyc-swiateczne-przygody\/\"]}]},{\"@type\":\"BreadcrumbList\",\"@id\":\"https:\/\/chosowa.pl\/wydarzenia\/w-wielkiej-fabryce-elfow-trwa-wielkie-odliczanie-juz-za-niedlugo-dzieci-beda-mogly-odwiedzic-wielka-fabryke-elfow-w-centrum-handlowym-osowa-i-przezyc-swiateczne-przygody\/#breadcrumb\",\"itemListElement\":[{\"@type\":\"ListItem\",\"position\":1,\"name\":\"Home page\",\"item\":\"https:\/\/chosowa.pl\/en\/\"},{\"@type\":\"ListItem\",\"position\":2,\"name\":\"Wydarzenia\",\"item\":\"https:\/\/chosowa.pl\/.\/wydarzenia\/\"},{\"@type\":\"ListItem\",\"position\":3,\"name\":\"Wielka Fabryka Elf\u00f3w w nowej ods\u0142onie w Gda\u0144sku!\"}]},{\"@type\":\"WebSite\",\"@id\":\"https:\/\/chosowa.pl\/ru\/#website\",\"url\":\"https:\/\/chosowa.pl\/ru\/\",\"name\":\"Osowa\",\"description\":\"Centrum Handlowe Osowa\",\"potentialAction\":[{\"@type\":\"SearchAction\",\"target\":{\"@type\":\"EntryPoint\",\"urlTemplate\":\"https:\/\/chosowa.pl\/ru\/?s={search_term_string}\"},\"query-input\":{\"@type\":\"PropertyValueSpecification\",\"valueRequired\":true,\"valueName\":\"search_term_string\"}}],\"inLanguage\":\"en-US\"},{\"@type\":\"Person\",\"@id\":\"https:\/\/chosowa.pl\/ru\/#\/schema\/person\/15445b51bd45e4d72c2794a45adeb220\",\"name\":\"aadmin\"}]}<\/script>\n<!-- \/ Yoast SEO plugin. -->","yoast_head_json":{"title":"Wielka Fabryka Elf\u00f3w w nowej ods\u0142onie w Gda\u0144sku! - Osowa","robots":{"index":"index","follow":"follow","max-snippet":"max-snippet:-1","max-image-preview":"max-image-preview:large","max-video-preview":"max-video-preview:-1"},"canonical":"https:\/\/chosowa.pl\/wydarzenia\/w-wielkiej-fabryce-elfow-trwa-wielkie-odliczanie-juz-za-niedlugo-dzieci-beda-mogly-odwiedzic-wielka-fabryke-elfow-w-centrum-handlowym-osowa-i-przezyc-swiateczne-przygody\/","og_locale":"en_US","og_type":"article","og_title":"Wielka Fabryka Elf\u00f3w w nowej ods\u0142onie w Gda\u0144sku! - Osowa","og_description":"W Wielkiej Fabryce Elf\u00f3w trwa wielkie odliczanie. Ju\u017c za nied\u0142ugo dzieci b\u0119d\u0105 mog\u0142y odwiedzi\u0107 Wielk\u0105 Fabryk\u0119 Elf\u00f3w w Centrum Handlowym Osowa i prze\u017cy\u0107 \u015bwi\u0105teczne przygody! Od 12 listopada 2025 r. [&hellip;]","og_url":"https:\/\/chosowa.pl\/wydarzenia\/w-wielkiej-fabryce-elfow-trwa-wielkie-odliczanie-juz-za-niedlugo-dzieci-beda-mogly-odwiedzic-wielka-fabryke-elfow-w-centrum-handlowym-osowa-i-przezyc-swiateczne-przygody\/","og_site_name":"Osowa","article_publisher":"https:\/\/www.facebook.com\/CHOsowa","article_published_time":"2025-11-28T10:42:14+00:00","article_modified_time":"2025-12-05T12:45:36+00:00","og_image":[{"width":1200,"height":630,"url":"https:\/\/chosowa.pl\/wp-content\/uploads\/2019\/10\/open_graph_chosowa.jpg","type":"image\/jpeg"}],"author":"aadmin","twitter_card":"summary_large_image","twitter_misc":{"Written by":"aadmin","Est. reading time":"2 minutes"},"schema":{"@context":"https:\/\/schema.org","@graph":[{"@type":"WebPage","@id":"https:\/\/chosowa.pl\/wydarzenia\/w-wielkiej-fabryce-elfow-trwa-wielkie-odliczanie-juz-za-niedlugo-dzieci-beda-mogly-odwiedzic-wielka-fabryke-elfow-w-centrum-handlowym-osowa-i-przezyc-swiateczne-przygody\/","url":"https:\/\/chosowa.pl\/wydarzenia\/w-wielkiej-fabryce-elfow-trwa-wielkie-odliczanie-juz-za-niedlugo-dzieci-beda-mogly-odwiedzic-wielka-fabryke-elfow-w-centrum-handlowym-osowa-i-przezyc-swiateczne-przygody\/","name":"Wielka Fabryka Elf\u00f3w w nowej ods\u0142onie w Gda\u0144sku! - Osowa","isPartOf":{"@id":"https:\/\/chosowa.pl\/ru\/#website"},"datePublished":"2025-11-28T10:42:14+00:00","dateModified":"2025-12-05T12:45:36+00:00","author":{"@id":"https:\/\/chosowa.pl\/ru\/#\/schema\/person\/15445b51bd45e4d72c2794a45adeb220"},"breadcrumb":{"@id":"https:\/\/chosowa.pl\/wydarzenia\/w-wielkiej-fabryce-elfow-trwa-wielkie-odliczanie-juz-za-niedlugo-dzieci-beda-mogly-odwiedzic-wielka-fabryke-elfow-w-centrum-handlowym-osowa-i-przezyc-swiateczne-przygody\/#breadcrumb"},"inLanguage":"en-US","potentialAction":[{"@type":"ReadAction","target":["https:\/\/chosowa.pl\/wydarzenia\/w-wielkiej-fabryce-elfow-trwa-wielkie-odliczanie-juz-za-niedlugo-dzieci-beda-mogly-odwiedzic-wielka-fabryke-elfow-w-centrum-handlowym-osowa-i-przezyc-swiateczne-przygody\/"]}]},{"@type":"BreadcrumbList","@id":"https:\/\/chosowa.pl\/wydarzenia\/w-wielkiej-fabryce-elfow-trwa-wielkie-odliczanie-juz-za-niedlugo-dzieci-beda-mogly-odwiedzic-wielka-fabryke-elfow-w-centrum-handlowym-osowa-i-przezyc-swiateczne-przygody\/#breadcrumb","itemListElement":[{"@type":"ListItem","position":1,"name":"Home page","item":"https:\/\/chosowa.pl\/en\/"},{"@type":"ListItem","position":2,"name":"Wydarzenia","item":"https:\/\/chosowa.pl\/.\/wydarzenia\/"},{"@type":"ListItem","position":3,"name":"Wielka Fabryka Elf\u00f3w w nowej ods\u0142onie w Gda\u0144sku!"}]},{"@type":"WebSite","@id":"https:\/\/chosowa.pl\/ru\/#website","url":"https:\/\/chosowa.pl\/ru\/","name":"Osowa","description":"Centrum Handlowe Osowa","potentialAction":[{"@type":"SearchAction","target":{"@type":"EntryPoint","urlTemplate":"https:\/\/chosowa.pl\/ru\/?s={search_term_string}"},"query-input":{"@type":"PropertyValueSpecification","valueRequired":true,"valueName":"search_term_string"}}],"inLanguage":"en-US"},{"@type":"Person","@id":"https:\/\/chosowa.pl\/ru\/#\/schema\/person\/15445b51bd45e4d72c2794a45adeb220","name":"aadmin"}]}},"_links":{"self":[{"href":"https:\/\/chosowa.pl\/en\/wp-json\/wp\/v2\/posts\/14425"}],"collection":[{"href":"https:\/\/chosowa.pl\/en\/wp-json\/wp\/v2\/posts"}],"about":[{"href":"https:\/\/chosowa.pl\/en\/wp-json\/wp\/v2\/types\/post"}],"author":[{"embeddable":true,"href":"https:\/\/chosowa.pl\/en\/wp-json\/wp\/v2\/users\/1"}],"replies":[{"embeddable":true,"href":"https:\/\/chosowa.pl\/en\/wp-json\/wp\/v2\/comments?post=14425"}],"version-history":[{"count":3,"href":"https:\/\/chosowa.pl\/en\/wp-json\/wp\/v2\/posts\/14425\/revisions"}],"predecessor-version":[{"id":14485,"href":"https:\/\/chosowa.pl\/en\/wp-json\/wp\/v2\/posts\/14425\/revisions\/14485"}],"wp:attachment":[{"href":"https:\/\/chosowa.pl\/en\/wp-json\/wp\/v2\/media?parent=14425"}],"wp:term":[{"taxonomy":"category","embeddable":true,"href":"https:\/\/chosowa.pl\/en\/wp-json\/wp\/v2\/categories?post=14425"},{"taxonomy":"post_tag","embeddable":true,"href":"https:\/\/chosowa.pl\/en\/wp-json\/wp\/v2\/tags?post=14425"}],"curies":[{"name":"wp","href":"https:\/\/api.w.org\/{rel}","templated":true}]}}