{"id":12089,"date":"2024-10-02T16:52:08","date_gmt":"2024-10-02T14:52:08","guid":{"rendered":"https:\/\/chosowa.pl\/?p=12089"},"modified":"2024-10-22T10:04:01","modified_gmt":"2024-10-22T08:04:01","slug":"pazdziernikowe-zulawskie-smaki-juz-w-najblizszy-weekend-w-ch-osowa","status":"publish","type":"post","link":"https:\/\/chosowa.pl\/en\/wydarzenia\/pazdziernikowe-zulawskie-smaki-juz-w-najblizszy-weekend-w-ch-osowa\/","title":{"rendered":"Pa\u017adziernikowe \u017bu\u00ad\u0142aw\u00adskie Sma\u00adki ju\u017c w naj\u00adbli\u017c\u00adszy week\u00adend w CH Oso\u00adwa!"},"content":{"rendered":"<p><strong>Pa\u017adziernikowe \u017bu\u00ad\u0142aw\u00adskie Sma\u00adki ju\u017c w\u00a0naj\u00adbli\u017c\u00adszy week\u00adend w\u00a0CH Oso\u00adwa!<\/strong><\/p>\n<p>Dla wszyst\u00adkich mi\u00ad\u0142o\u00ad\u015bni\u00adk\u00f3w re\u00adgio\u00adnal\u00adnej, do\u00admo\u00adwej i\u00a0eko\u00adlo\u00adgicz\u00adnej kuch\u00adni, CH Oso\u00adwa ma\u00a0\u015bwiet\u00adn\u0105 wia\u00addo\u00admo\u015b\u0107. Ju\u017c w\u00a0naj\u00adbli\u017c\u00adszy pi\u0105\u00adtek i\u00a0so\u00adbo\u00adt\u0119, 4-5 pa\u017adziernika, w\u00a0cen\u00adtrum od\u00adb\u0119\u00addzie si\u0119 pa\u017adziernikowa od\u00ads\u0142o\u00adna jar\u00admar\u00adku \u017bu\u00ad\u0142aw\u00adskie Sma\u00adki.<\/p>\n<p>To\u00a0wy\u00adj\u0105t\u00adko\u00adwa oka\u00adzja, aby za\u00adopa\u00adtrzy\u0107 si\u0119 w\u00a0zdro\u00adwe, eko\u00adlo\u00adgicz\u00adne i\u00a0re\u00adgio\u00adnal\u00adne pro\u00adduk\u00adty, kt\u00f3\u00adre s\u0105\u00a0przy\u00adgo\u00adto\u00adwy\u00adwa\u00adne we\u00add\u0142ug tra\u00addy\u00adcyj\u00adnych re\u00adcep\u00adtur. Jar\u00admark po\u00adwra\u00adca po\u00a0wa\u00adka\u00adcjach do\u00a0CH Oso\u00adwa, by\u00a0po\u00adnow\u00adnie ura\u00adczy\u0107 od\u00adwie\u00addza\u00adj\u0105\u00adcych wy\u00adj\u0105t\u00adko\u00adwy\u00admi sma\u00adka\u00admi.<\/p>\n<p>\u017bu\u00ad\u0142aw\u00adskie Sma\u00adki to\u00a0przede wszyst\u00adkim \u017cyw\u00adno\u015b\u0107 \u201eslow fo\u00adod\u201d, two\u00adrzo\u00adna przez\u00a0lo\u00adkal\u00adnych pro\u00addu\u00adcen\u00adt\u00f3w, zgod\u00adnie z\u00a0ide\u0105 pro\u00adsto\u00adty i\u00a0na\u00adtu\u00adral\u00adno\u00ad\u015bci. Na\u00a0jar\u00admar\u00adku mo\u017c\u00adna zna\u00adle\u017a\u0107 sze\u00adro\u00adki wy\u00adb\u00f3r pro\u00adduk\u00adt\u00f3w, od\u00a0r\u0119cz\u00adnie ro\u00adbio\u00adnych pie\u00adro\u00adg\u00f3w i\u00a0ki\u00adszo\u00adnek, przez\u00a0tra\u00addy\u00adcyj\u00adne wy\u00adpie\u00adki, po\u00a0praw\u00addzi\u00adwe przy\u00adsma\u00adki, ta\u00adkie jak mio\u00addy z\u00a0do\u00admo\u00adwej pa\u00adsie\u00adki czy\u00a0\u017cu\u00ad\u0142aw\u00adski ket\u00adchup z\u00a0cu\u00adki\u00adnii. Wszyst\u00adko to\u00a0w\u00a0du\u00adchu kuch\u00adni re\u00adgio\u00adnal\u00adnej \u2013 \u201epo \u017cu\u00ad\u0142aw\u00adsku\u201d.<\/p>\n<p>Tym ra\u00adzem jar\u00admark od\u00adwie\u00addz\u0105 sto\u00adiska, ta\u00adkie jak \u201eMio\u00addy Gu\u00adsta\u00adwa\u201d, \u201eS\u0142od\u00adki Za\u00adk\u0105\u00adte\u00adk\u201d, \u201ePie\u00adro\u00adgi Ha\u00adlin\u00adki\u201d oraz\u00a0\u201e\u017bu\u00ad\u0142aw\u00adski ket\u00adchup z\u00a0cu\u00adki\u00adnii\u201d. Ka\u017c\u00adde z\u00a0nich za\u00adpre\u00adzen\u00adtu\u00adje swo\u00adje wy\u00adj\u0105t\u00adko\u00adwe pro\u00adduk\u00adty, kt\u00f3\u00adre z\u00a0pew\u00adno\u00ad\u015bci\u0105 za\u00adchwy\u00adc\u0105 podnie\u00adbie\u00adnia wszyst\u00adkich od\u00adwiedza\u00adj\u0105\u00adcych.<\/p>\n<p>Jar\u00admark, jak za\u00adwsze, od\u00adb\u0119\u00addzie si\u0119 w\u00a0pa\u00adsa\u00ad\u017cu cen\u00adtrum, w\u00a0go\u00addzi\u00adnach 10.00-21.00. To\u00a0do\u00adsko\u00adna\u00ad\u0142a oka\u00adzja, aby wzi\u0105\u0107 udzia\u0142 w\u00a0ku\u00adli\u00adnar\u00adnym \u015bwi\u0119\u00adcie, spo\u00adtka\u0107 lo\u00adkal\u00adnych pro\u00addu\u00adcen\u00adt\u00f3w i\u00a0od\u00adkry\u0107 sma\u00adki, kt\u00f3\u00adre prze\u00adnio\u00ads\u0105 nas do\u00a0ser\u00adca \u017bu\u00ad\u0142aw. Ser\u00addecz\u00adnie za\u00adpra\u00adsza\u00admy!<\/p>\n","protected":false},"excerpt":{"rendered":"<p>Pa\u017adziernikowe \u017bu\u00ad\u0142aw\u00adskie Sma\u00adki ju\u017c w\u00a0naj\u00adbli\u017c\u00adszy week\u00adend w\u00a0CH Oso\u00adwa! Dla wszyst\u00adkich mi\u00ad\u0142o\u00ad\u015bni\u00adk\u00f3w re\u00adgio\u00adnal\u00adnej, do\u00admo\u00adwej i\u00a0eko\u00adlo\u00adgicz\u00adnej kuch\u00adni, CH Oso\u00adwa ma\u00a0\u015bwiet\u00adn\u0105 wia\u00addo\u00admo\u015b\u0107. Ju\u017c w\u00a0naj\u00adbli\u017c\u00adszy pi\u0105\u00adtek i\u00a0so\u00adbo\u00adt\u0119, 4-5 pa\u017adziernika, w\u00a0cen\u00adtrum od\u00adb\u0119\u00addzie si\u0119 pa\u017adziernikowa od\u00ads\u0142o\u00adna [&hellip;]<\/p>\n","protected":false},"author":1,"featured_media":0,"comment_status":"closed","ping_status":"closed","sticky":false,"template":"","format":"standard","meta":{"_acf_changed":false,"footnotes":""},"categories":[15],"tags":[],"class_list":["post-12089","post","type-post","status-publish","format-standard","hentry","category-wydarzenia"],"acf":[],"yoast_head":"<!-- This site is optimized with the Yoast SEO plugin v23.6 - https:\/\/yoast.com\/wordpress\/plugins\/seo\/ -->\n<title>Pa\u017adziernikowe \u017bu\u00ad\u0142aw\u00adskie Sma\u00adki ju\u017c w naj\u00adbli\u017c\u00adszy week\u00adend w CH Oso\u00adwa! - Osowa<\/title>\n<meta name=\"robots\" content=\"index, follow, max-snippet:-1, max-image-preview:large, max-video-preview:-1\" \/>\n<link rel=\"canonical\" href=\"https:\/\/chosowa.pl\/wydarzenia\/pazdziernikowe-zulawskie-smaki-juz-w-najblizszy-weekend-w-ch-osowa\/\" \/>\n<meta property=\"og:locale\" content=\"en_US\" \/>\n<meta property=\"og:type\" content=\"article\" \/>\n<meta property=\"og:title\" content=\"Pa\u017adziernikowe \u017bu\u00ad\u0142aw\u00adskie Sma\u00adki ju\u017c w naj\u00adbli\u017c\u00adszy week\u00adend w CH Oso\u00adwa! - Osowa\" \/>\n<meta property=\"og:description\" content=\"Pa\u017adziernikowe \u017bu\u00ad\u0142aw\u00adskie Sma\u00adki ju\u017c w\u00a0naj\u00adbli\u017c\u00adszy week\u00adend w\u00a0CH Oso\u00adwa! Dla wszyst\u00adkich mi\u00ad\u0142o\u00ad\u015bni\u00adk\u00f3w re\u00adgio\u00adnal\u00adnej, do\u00admo\u00adwej i\u00a0eko\u00adlo\u00adgicz\u00adnej kuch\u00adni, CH Oso\u00adwa ma\u00a0\u015bwiet\u00adn\u0105 wia\u00addo\u00admo\u015b\u0107. Ju\u017c w\u00a0naj\u00adbli\u017c\u00adszy pi\u0105\u00adtek i\u00a0so\u00adbo\u00adt\u0119, 4-5 pa\u017adziernika, w\u00a0cen\u00adtrum od\u00adb\u0119\u00addzie si\u0119 pa\u017adziernikowa od\u00ads\u0142o\u00adna [&hellip;]\" \/>\n<meta property=\"og:url\" content=\"https:\/\/chosowa.pl\/wydarzenia\/pazdziernikowe-zulawskie-smaki-juz-w-najblizszy-weekend-w-ch-osowa\/\" \/>\n<meta property=\"og:site_name\" content=\"Osowa\" \/>\n<meta property=\"article:publisher\" content=\"https:\/\/www.facebook.com\/CHOsowa\" \/>\n<meta property=\"article:published_time\" content=\"2024-10-02T14:52:08+00:00\" \/>\n<meta property=\"article:modified_time\" content=\"2024-10-22T08:04:01+00:00\" \/>\n<meta property=\"og:image\" content=\"https:\/\/chosowa.pl\/wp-content\/uploads\/2019\/10\/open_graph_chosowa.jpg\" \/>\n\t<meta property=\"og:image:width\" content=\"1200\" \/>\n\t<meta property=\"og:image:height\" content=\"630\" \/>\n\t<meta property=\"og:image:type\" content=\"image\/jpeg\" \/>\n<meta name=\"author\" content=\"aadmin\" \/>\n<meta name=\"twitter:card\" content=\"summary_large_image\" \/>\n<meta name=\"twitter:label1\" content=\"Written by\" \/>\n\t<meta name=\"twitter:data1\" content=\"aadmin\" \/>\n\t<meta name=\"twitter:label2\" content=\"Est. reading time\" \/>\n\t<meta name=\"twitter:data2\" content=\"2 minutes\" \/>\n<script type=\"application\/ld+json\" class=\"yoast-schema-graph\">{\"@context\":\"https:\/\/schema.org\",\"@graph\":[{\"@type\":\"WebPage\",\"@id\":\"https:\/\/chosowa.pl\/wydarzenia\/pazdziernikowe-zulawskie-smaki-juz-w-najblizszy-weekend-w-ch-osowa\/\",\"url\":\"https:\/\/chosowa.pl\/wydarzenia\/pazdziernikowe-zulawskie-smaki-juz-w-najblizszy-weekend-w-ch-osowa\/\",\"name\":\"Pa\u017adziernikowe \u017bu\u00ad\u0142aw\u00adskie Sma\u00adki ju\u017c w naj\u00adbli\u017c\u00adszy week\u00adend w CH Oso\u00adwa! - Osowa\",\"isPartOf\":{\"@id\":\"https:\/\/chosowa.pl\/ru\/#website\"},\"datePublished\":\"2024-10-02T14:52:08+00:00\",\"dateModified\":\"2024-10-22T08:04:01+00:00\",\"author\":{\"@id\":\"https:\/\/chosowa.pl\/ru\/#\/schema\/person\/15445b51bd45e4d72c2794a45adeb220\"},\"breadcrumb\":{\"@id\":\"https:\/\/chosowa.pl\/wydarzenia\/pazdziernikowe-zulawskie-smaki-juz-w-najblizszy-weekend-w-ch-osowa\/#breadcrumb\"},\"inLanguage\":\"en-US\",\"potentialAction\":[{\"@type\":\"ReadAction\",\"target\":[\"https:\/\/chosowa.pl\/wydarzenia\/pazdziernikowe-zulawskie-smaki-juz-w-najblizszy-weekend-w-ch-osowa\/\"]}]},{\"@type\":\"BreadcrumbList\",\"@id\":\"https:\/\/chosowa.pl\/wydarzenia\/pazdziernikowe-zulawskie-smaki-juz-w-najblizszy-weekend-w-ch-osowa\/#breadcrumb\",\"itemListElement\":[{\"@type\":\"ListItem\",\"position\":1,\"name\":\"Home page\",\"item\":\"https:\/\/chosowa.pl\/en\/\"},{\"@type\":\"ListItem\",\"position\":2,\"name\":\"Wydarzenia\",\"item\":\"https:\/\/chosowa.pl\/.\/wydarzenia\/\"},{\"@type\":\"ListItem\",\"position\":3,\"name\":\"Pa\u017adziernikowe \u017bu\u00ad\u0142aw\u00adskie Sma\u00adki ju\u017c w naj\u00adbli\u017c\u00adszy week\u00adend w CH Oso\u00adwa!\"}]},{\"@type\":\"WebSite\",\"@id\":\"https:\/\/chosowa.pl\/ru\/#website\",\"url\":\"https:\/\/chosowa.pl\/ru\/\",\"name\":\"Osowa\",\"description\":\"Centrum Handlowe Osowa\",\"potentialAction\":[{\"@type\":\"SearchAction\",\"target\":{\"@type\":\"EntryPoint\",\"urlTemplate\":\"https:\/\/chosowa.pl\/ru\/?s={search_term_string}\"},\"query-input\":{\"@type\":\"PropertyValueSpecification\",\"valueRequired\":true,\"valueName\":\"search_term_string\"}}],\"inLanguage\":\"en-US\"},{\"@type\":\"Person\",\"@id\":\"https:\/\/chosowa.pl\/ru\/#\/schema\/person\/15445b51bd45e4d72c2794a45adeb220\",\"name\":\"aadmin\"}]}<\/script>\n<!-- \/ Yoast SEO plugin. -->","yoast_head_json":{"title":"Pa\u017adziernikowe \u017bu\u00ad\u0142aw\u00adskie Sma\u00adki ju\u017c w naj\u00adbli\u017c\u00adszy week\u00adend w CH Oso\u00adwa! - Osowa","robots":{"index":"index","follow":"follow","max-snippet":"max-snippet:-1","max-image-preview":"max-image-preview:large","max-video-preview":"max-video-preview:-1"},"canonical":"https:\/\/chosowa.pl\/wydarzenia\/pazdziernikowe-zulawskie-smaki-juz-w-najblizszy-weekend-w-ch-osowa\/","og_locale":"en_US","og_type":"article","og_title":"Pa\u017adziernikowe \u017bu\u00ad\u0142aw\u00adskie Sma\u00adki ju\u017c w naj\u00adbli\u017c\u00adszy week\u00adend w CH Oso\u00adwa! - Osowa","og_description":"Pa\u017adziernikowe \u017bu\u00ad\u0142aw\u00adskie Sma\u00adki ju\u017c w\u00a0naj\u00adbli\u017c\u00adszy week\u00adend w\u00a0CH Oso\u00adwa! Dla wszyst\u00adkich mi\u00ad\u0142o\u00ad\u015bni\u00adk\u00f3w re\u00adgio\u00adnal\u00adnej, do\u00admo\u00adwej i\u00a0eko\u00adlo\u00adgicz\u00adnej kuch\u00adni, CH Oso\u00adwa ma\u00a0\u015bwiet\u00adn\u0105 wia\u00addo\u00admo\u015b\u0107. Ju\u017c w\u00a0naj\u00adbli\u017c\u00adszy pi\u0105\u00adtek i\u00a0so\u00adbo\u00adt\u0119, 4-5 pa\u017adziernika, w\u00a0cen\u00adtrum od\u00adb\u0119\u00addzie si\u0119 pa\u017adziernikowa od\u00ads\u0142o\u00adna [&hellip;]","og_url":"https:\/\/chosowa.pl\/wydarzenia\/pazdziernikowe-zulawskie-smaki-juz-w-najblizszy-weekend-w-ch-osowa\/","og_site_name":"Osowa","article_publisher":"https:\/\/www.facebook.com\/CHOsowa","article_published_time":"2024-10-02T14:52:08+00:00","article_modified_time":"2024-10-22T08:04:01+00:00","og_image":[{"width":1200,"height":630,"url":"https:\/\/chosowa.pl\/wp-content\/uploads\/2019\/10\/open_graph_chosowa.jpg","type":"image\/jpeg"}],"author":"aadmin","twitter_card":"summary_large_image","twitter_misc":{"Written by":"aadmin","Est. reading time":"2 minutes"},"schema":{"@context":"https:\/\/schema.org","@graph":[{"@type":"WebPage","@id":"https:\/\/chosowa.pl\/wydarzenia\/pazdziernikowe-zulawskie-smaki-juz-w-najblizszy-weekend-w-ch-osowa\/","url":"https:\/\/chosowa.pl\/wydarzenia\/pazdziernikowe-zulawskie-smaki-juz-w-najblizszy-weekend-w-ch-osowa\/","name":"Pa\u017adziernikowe \u017bu\u00ad\u0142aw\u00adskie Sma\u00adki ju\u017c w naj\u00adbli\u017c\u00adszy week\u00adend w CH Oso\u00adwa! - Osowa","isPartOf":{"@id":"https:\/\/chosowa.pl\/ru\/#website"},"datePublished":"2024-10-02T14:52:08+00:00","dateModified":"2024-10-22T08:04:01+00:00","author":{"@id":"https:\/\/chosowa.pl\/ru\/#\/schema\/person\/15445b51bd45e4d72c2794a45adeb220"},"breadcrumb":{"@id":"https:\/\/chosowa.pl\/wydarzenia\/pazdziernikowe-zulawskie-smaki-juz-w-najblizszy-weekend-w-ch-osowa\/#breadcrumb"},"inLanguage":"en-US","potentialAction":[{"@type":"ReadAction","target":["https:\/\/chosowa.pl\/wydarzenia\/pazdziernikowe-zulawskie-smaki-juz-w-najblizszy-weekend-w-ch-osowa\/"]}]},{"@type":"BreadcrumbList","@id":"https:\/\/chosowa.pl\/wydarzenia\/pazdziernikowe-zulawskie-smaki-juz-w-najblizszy-weekend-w-ch-osowa\/#breadcrumb","itemListElement":[{"@type":"ListItem","position":1,"name":"Home page","item":"https:\/\/chosowa.pl\/en\/"},{"@type":"ListItem","position":2,"name":"Wydarzenia","item":"https:\/\/chosowa.pl\/.\/wydarzenia\/"},{"@type":"ListItem","position":3,"name":"Pa\u017adziernikowe \u017bu\u00ad\u0142aw\u00adskie Sma\u00adki ju\u017c w naj\u00adbli\u017c\u00adszy week\u00adend w CH Oso\u00adwa!"}]},{"@type":"WebSite","@id":"https:\/\/chosowa.pl\/ru\/#website","url":"https:\/\/chosowa.pl\/ru\/","name":"Osowa","description":"Centrum Handlowe Osowa","potentialAction":[{"@type":"SearchAction","target":{"@type":"EntryPoint","urlTemplate":"https:\/\/chosowa.pl\/ru\/?s={search_term_string}"},"query-input":{"@type":"PropertyValueSpecification","valueRequired":true,"valueName":"search_term_string"}}],"inLanguage":"en-US"},{"@type":"Person","@id":"https:\/\/chosowa.pl\/ru\/#\/schema\/person\/15445b51bd45e4d72c2794a45adeb220","name":"aadmin"}]}},"_links":{"self":[{"href":"https:\/\/chosowa.pl\/en\/wp-json\/wp\/v2\/posts\/12089"}],"collection":[{"href":"https:\/\/chosowa.pl\/en\/wp-json\/wp\/v2\/posts"}],"about":[{"href":"https:\/\/chosowa.pl\/en\/wp-json\/wp\/v2\/types\/post"}],"author":[{"embeddable":true,"href":"https:\/\/chosowa.pl\/en\/wp-json\/wp\/v2\/users\/1"}],"replies":[{"embeddable":true,"href":"https:\/\/chosowa.pl\/en\/wp-json\/wp\/v2\/comments?post=12089"}],"version-history":[{"count":2,"href":"https:\/\/chosowa.pl\/en\/wp-json\/wp\/v2\/posts\/12089\/revisions"}],"predecessor-version":[{"id":12270,"href":"https:\/\/chosowa.pl\/en\/wp-json\/wp\/v2\/posts\/12089\/revisions\/12270"}],"wp:attachment":[{"href":"https:\/\/chosowa.pl\/en\/wp-json\/wp\/v2\/media?parent=12089"}],"wp:term":[{"taxonomy":"category","embeddable":true,"href":"https:\/\/chosowa.pl\/en\/wp-json\/wp\/v2\/categories?post=12089"},{"taxonomy":"post_tag","embeddable":true,"href":"https:\/\/chosowa.pl\/en\/wp-json\/wp\/v2\/tags?post=12089"}],"curies":[{"name":"wp","href":"https:\/\/api.w.org\/{rel}","templated":true}]}}